{"id":19268,"date":"2021-10-12T11:07:15","date_gmt":"2021-10-12T16:07:15","guid":{"rendered":"https:\/\/encuentroinformativo.com.mx\/?p=19268"},"modified":"2021-10-12T11:19:08","modified_gmt":"2021-10-12T16:19:08","slug":"para-vacunas-llaman-a-registrar-a-menores-con-comorbilidad","status":"publish","type":"post","link":"https:\/\/encuentroinformativo.com.mx\/?p=19268","title":{"rendered":"Para vacunas, llaman a registrar a menores con comorbilidad"},"content":{"rendered":"\n<p><strong>Dar\u00edo Pale <\/strong><\/p>\n\n\n\n<p>Xalapa, Ver.- Hacen un llamado &#8220;urgente&#8221; a los padres de familia que tienen hijos menores de edad que padezcan alguna enfermedad cr\u00f3nico degenerativa para que los registren en la plataforma y puedan ser vacunados contra el COVID-19, as\u00ed lo dio a conocer el delegado del Bienestar en Veracruz Manuel Huerta Ladr\u00f3n de Guevara.<\/p>\n\n\n\n<p>Entrevistado a su arribo a palacio de gobierno se\u00f1al\u00f3 que es &#8220;urgente&#8221; que los padres de familia registren a sus hijos, aquellos que padecen alguna enfermedad, esto luego de lo dicho este martes por el subsecretario Hugo L\u00f3pez-Gatell, quien expuso que solamente se han registrado alrededor de 23 mil menores de edad con alguna comorbilidad, de los m\u00e1s de un mill\u00f3n o mill\u00f3n y medio que estiman podr\u00edan ser inoculados.<\/p>\n\n\n\n<p>&#8220;Ya se dise\u00f1\u00f3 desde el 1 de octubre la plataforma para que menores de 12 a 18 a\u00f1os que tienen comorbilidades que se inscriban en la plataforma&#8221;, se\u00f1al\u00f3.<\/p>\n\n\n\n<p>Asimismo, indic\u00f3 que es probable que terminen de vacunar antes de que termine el oto\u00f1o, probablemente en este mismo mes, ya que en Veracruz van a un buen ritmo y espera que con los 33 municipios que se est\u00e1n vacunando en la entidad, se logre la meta del 70 por ciento de vacunados a nivel nacional.<\/p>\n\n\n\n<p>Mencion\u00f3 que la gente puede ir a vacunarse a municipios aleda\u00f1os si no se vacunaron en su demarcaci\u00f3n.<\/p>\n\n\n\n<p><strong>Apoyos Grace<\/strong><\/p>\n\n\n\n<p>En otro orden de ideas, Manuel Huerta mencion\u00f3 que se instal\u00f3 una comisi\u00f3n nacional para revisar d\u00f3nde falt\u00f3 la entrega de los apoyos a las personas afectadas por el hurac\u00e1n Grace.<\/p>\n\n\n\n<p>Dio a conocer que ayer lunes en Poza Rica llegaron a exigir los apoyos al Bienestar, pero record\u00f3 que no son ellos quien los entrega, sino la Secretar\u00eda de la Defensa Nacional (Sedena).<\/p>\n\n\n\n<p>Incluso rechaz\u00f3 que haya una falta de apoyo, lo que sucedi\u00f3 es que un grupo pol\u00edtico moviliz\u00f3 a los &#8220;poquitos&#8221; que llegaron y asegur\u00f3 que se trat\u00f3 de un &#8220;montaje&#8221;.<\/p>\n\n\n\n<p>Finalmente se\u00f1al\u00f3 que, &#8220;no hay retraso, el mismo Presidente pidi\u00f3 que se revise, se revisaron y la respuesta ser\u00e1 inmediata&#8221;.<\/p>\n","protected":false},"excerpt":{"rendered":"<p>Dar\u00edo Pale Xalapa, Ver.- Hacen un llamado &#8220;urgente&#8221; a los padres de familia que tienen hijos menores de edad que padezcan alguna enfermedad cr\u00f3nico degenerativa para que los registren en la plataforma y puedan ser vacunados contra el COVID-19, as\u00ed lo dio a conocer el delegado del Bienestar en Veracruz Manuel Huerta Ladr\u00f3n de Guevara. [&hellip;]<\/p>\n","protected":false},"author":1,"featured_media":11930,"comment_status":"open","ping_status":"open","sticky":false,"template":"","format":"standard","meta":{"_jetpack_memberships_contains_paid_content":false,"footnotes":""},"categories":[9],"tags":[],"class_list":["post-19268","post","type-post","status-publish","format-standard","has-post-thumbnail","hentry","category-salud"],"jetpack_featured_media_url":"https:\/\/encuentroinformativo.com.mx\/wp-content\/uploads\/2021\/03\/0DC23CA5-B343-4DC1-AE1F-5C2AADEF94AD.jpeg","jetpack_sharing_enabled":true,"jetpack_likes_enabled":true,"amp_enabled":true,"_links":{"self":[{"href":"https:\/\/encuentroinformativo.com.mx\/index.php?rest_route=\/wp\/v2\/posts\/19268","targetHints":{"allow":["GET"]}}],"collection":[{"href":"https:\/\/encuentroinformativo.com.mx\/index.php?rest_route=\/wp\/v2\/posts"}],"about":[{"href":"https:\/\/encuentroinformativo.com.mx\/index.php?rest_route=\/wp\/v2\/types\/post"}],"author":[{"embeddable":true,"href":"https:\/\/encuentroinformativo.com.mx\/index.php?rest_route=\/wp\/v2\/users\/1"}],"replies":[{"embeddable":true,"href":"https:\/\/encuentroinformativo.com.mx\/index.php?rest_route=%2Fwp%2Fv2%2Fcomments&post=19268"}],"version-history":[{"count":1,"href":"https:\/\/encuentroinformativo.com.mx\/index.php?rest_route=\/wp\/v2\/posts\/19268\/revisions"}],"predecessor-version":[{"id":19270,"href":"https:\/\/encuentroinformativo.com.mx\/index.php?rest_route=\/wp\/v2\/posts\/19268\/revisions\/19270"}],"wp:featuredmedia":[{"embeddable":true,"href":"https:\/\/encuentroinformativo.com.mx\/index.php?rest_route=\/wp\/v2\/media\/11930"}],"wp:attachment":[{"href":"https:\/\/encuentroinformativo.com.mx\/index.php?rest_route=%2Fwp%2Fv2%2Fmedia&parent=19268"}],"wp:term":[{"taxonomy":"category","embeddable":true,"href":"https:\/\/encuentroinformativo.com.mx\/index.php?rest_route=%2Fwp%2Fv2%2Fcategories&post=19268"},{"taxonomy":"post_tag","embeddable":true,"href":"https:\/\/encuentroinformativo.com.mx\/index.php?rest_route=%2Fwp%2Fv2%2Ftags&post=19268"}],"curies":[{"name":"wp","href":"https:\/\/api.w.org\/{rel}","templated":true}]}}