{"id":19279,"date":"2021-10-12T13:54:42","date_gmt":"2021-10-12T18:54:42","guid":{"rendered":"https:\/\/encuentroinformativo.com.mx\/?p=19279"},"modified":"2021-10-12T13:54:46","modified_gmt":"2021-10-12T18:54:46","slug":"la-necesaria-reforma-electrica","status":"publish","type":"post","link":"https:\/\/encuentroinformativo.com.mx\/?p=19279","title":{"rendered":"La necesaria reforma el\u00e9ctrica"},"content":{"rendered":"\n<p><strong>Revelaciones<\/strong><br><br><strong>Margarito Escudero Luis<\/strong><\/p>\n\n\n\n<p>La reforma el\u00e9ctrica es necesaria para evitar que las empresas privadas hagan lo que quieran con los precios por el suministro de energ\u00eda a la ciudadan\u00eda.<\/p>\n\n\n\n<p>Muchas voces surgieron oponi\u00e9ndose a la reforma propuesta por el presidente de la Rep\u00fablica, pero el movimiento ciudadano que se realiza en Espa\u00f1a, nos da clara luz sobre lo que pudiera suceder en nuestro pa\u00eds si se permite a las privadas controlar la venta de energ\u00eda el\u00e9ctrica.<\/p>\n\n\n\n<p>O sea que los opositores a la reforma se quedaron sin argumentos, los defensores de la compa\u00f1\u00eda Iberdrola no podr\u00e1n negar que es una explotadora sin piedad de los recursos ciudadanos.<\/p>\n\n\n\n<p>Iberdrola es una de las empresas privadas que en Espa\u00f1a venden el servicio de energ\u00eda a los ciudadanos a precios elevadis\u00edmos, y con aumentos constantes, tanto que en un mes, el precio de la luz subi\u00f3 25 por ciento.<\/p>\n\n\n\n<p>En su conferencia matutina del pasado lunes, el presidente Lop\u00e9z Obrador explic\u00f3 la importancia y necesidad de la reforma, primero porque ya son un riesgo para la seguridad del suministro al ciudadano y luego que, como todas las grandes empresas pagan \u201cmuy poquito por la luz y toda la gente, los usuarios, m\u00e1s de 40 millones de hogares y de usuarios en general, tienen que pagar m\u00e1s que los que tienen grandes corporaciones, centros comerciales, los que utilizan la luz con prop\u00f3sitos mercantiles, comerciales, econ\u00f3micos, financieros\u201d, dijo.<\/p>\n\n\n\n<p>Y destac\u00f3 que el que tiene un foco o dos focos, tiene que pagar proporcionalmente m\u00e1s que los machuchones, que los de arriba.<\/p>\n\n\n\n<p>Asegur\u00f3 el presidente que esas acciones de los grandes empresarios lo fueron tramando para ir debilitando a la Comisi\u00f3n Federal de Electricidad, que es una empresa p\u00fablica, que no tiene prop\u00f3sitos de lucro, que es para servirle al pueblo, que es para que todos tengan acceso a la electricidad.<\/p>\n\n\n\n<p>Dijo que A la CFE le fueron quitando el mercado y fueron apoyando a empresas particulares que s\u00ed tienen prop\u00f3sitos de lucro.<\/p>\n\n\n\n<p>Entonces si no se reforma la Constituci\u00f3n, estas poderosas empresas terminar\u00e1n por apoderarse de todo el mercado el\u00e9ctrico y los mexicanos estar\u00edamos padeciendo lo que hoy padecen los espa\u00f1oles ante la voracidad de empresas como Iberdrola.<\/p>\n\n\n\n<p>Esta es una gran batalla que est\u00e1 dando el gobierno de Mexico, ya que gobiernos anteriores entregaron empresas estrat\u00e9gicas para la seguridad nacional a manos extranjeras, como Pemex y la CFE y en alg\u00fan momento suceder\u00eda como en Espa\u00f1a, donde las tarifas de luz para el usuario est\u00e1n por las nubes. \u201cPero como all\u00e1 las empresas tienen mucho poder, como quer\u00edan mantenerlo aqu\u00ed, empresas como Iberdrola, no pueden los gobiernos hacer nada; con todo respeto, porque parecen empleados\u201d, dijo el presidente.<\/p>\n\n\n\n<p>Record\u00f3 que Iberdrola contrat\u00f3 a quien fuera secretaria de Energ\u00eda en tiempos de Calder\u00f3n y el mismo Felipe Calder\u00f3n pas\u00f3 a ser integrante de su plantilla de empleados.<\/p>\n\n\n\n<p>Lo mismo sucede en Espa\u00f1a donde Jos\u00e9 Maria Aznar, quien fuera presidente de aquel pa\u00eds, tambi\u00e9n ya es empleado de esa empresa.<\/p>\n\n\n\n<p>Los due\u00f1os de esas empresas creen que todav\u00eda hay regiones conquistables en el mundo, creen que pueden venir a M\u00e9xico a imponer sus condiciones; pero lo peor es qu\u00e9 hay mexicanos que aceptan esa postura como Felipe Calder\u00f3n, Vicente Fox, Enrique Pe\u00f1a Nieto y todos sus seguidores.<\/p>\n\n\n\n<p>Y todav\u00eda m\u00e1s que peor, hay otros mexicanos sumidos en la pobreza, que les creen.<\/p>\n","protected":false},"excerpt":{"rendered":"<p>Revelaciones Margarito Escudero Luis La reforma el\u00e9ctrica es necesaria para evitar que las empresas privadas hagan lo que quieran con los precios por el suministro de energ\u00eda a la ciudadan\u00eda. Muchas voces surgieron oponi\u00e9ndose a la reforma propuesta por el presidente de la Rep\u00fablica, pero el movimiento ciudadano que se realiza en Espa\u00f1a, nos da [&hellip;]<\/p>\n","protected":false},"author":1,"featured_media":387,"comment_status":"open","ping_status":"open","sticky":false,"template":"","format":"standard","meta":{"_jetpack_memberships_contains_paid_content":false,"footnotes":""},"categories":[11],"tags":[],"class_list":["post-19279","post","type-post","status-publish","format-standard","has-post-thumbnail","hentry","category-opinion"],"jetpack_featured_media_url":"https:\/\/encuentroinformativo.com.mx\/wp-content\/uploads\/2020\/03\/7CF8A22B-2764-47BE-8F7F-38FE9E5D6A2F.jpeg","jetpack_sharing_enabled":true,"jetpack_likes_enabled":true,"amp_enabled":true,"_links":{"self":[{"href":"https:\/\/encuentroinformativo.com.mx\/index.php?rest_route=\/wp\/v2\/posts\/19279","targetHints":{"allow":["GET"]}}],"collection":[{"href":"https:\/\/encuentroinformativo.com.mx\/index.php?rest_route=\/wp\/v2\/posts"}],"about":[{"href":"https:\/\/encuentroinformativo.com.mx\/index.php?rest_route=\/wp\/v2\/types\/post"}],"author":[{"embeddable":true,"href":"https:\/\/encuentroinformativo.com.mx\/index.php?rest_route=\/wp\/v2\/users\/1"}],"replies":[{"embeddable":true,"href":"https:\/\/encuentroinformativo.com.mx\/index.php?rest_route=%2Fwp%2Fv2%2Fcomments&post=19279"}],"version-history":[{"count":1,"href":"https:\/\/encuentroinformativo.com.mx\/index.php?rest_route=\/wp\/v2\/posts\/19279\/revisions"}],"predecessor-version":[{"id":19280,"href":"https:\/\/encuentroinformativo.com.mx\/index.php?rest_route=\/wp\/v2\/posts\/19279\/revisions\/19280"}],"wp:featuredmedia":[{"embeddable":true,"href":"https:\/\/encuentroinformativo.com.mx\/index.php?rest_route=\/wp\/v2\/media\/387"}],"wp:attachment":[{"href":"https:\/\/encuentroinformativo.com.mx\/index.php?rest_route=%2Fwp%2Fv2%2Fmedia&parent=19279"}],"wp:term":[{"taxonomy":"category","embeddable":true,"href":"https:\/\/encuentroinformativo.com.mx\/index.php?rest_route=%2Fwp%2Fv2%2Fcategories&post=19279"},{"taxonomy":"post_tag","embeddable":true,"href":"https:\/\/encuentroinformativo.com.mx\/index.php?rest_route=%2Fwp%2Fv2%2Ftags&post=19279"}],"curies":[{"name":"wp","href":"https:\/\/api.w.org\/{rel}","templated":true}]}}