{"id":19281,"date":"2021-10-12T14:09:36","date_gmt":"2021-10-12T19:09:36","guid":{"rendered":"https:\/\/encuentroinformativo.com.mx\/?p=19281"},"modified":"2021-10-12T14:09:41","modified_gmt":"2021-10-12T19:09:41","slug":"parque-dona-falla-sede-de-festival-de-la-cerveza","status":"publish","type":"post","link":"https:\/\/encuentroinformativo.com.mx\/?p=19281","title":{"rendered":"Parque Do\u00f1a Falla, sede de Festival de la Cerveza"},"content":{"rendered":"\n<p><strong>Dar\u00edo Pale <\/strong><\/p>\n\n\n\n<p>Xalapa, Ver.- Este fin de semana en el parque Do\u00f1a Falla de Xalapa, se llevar\u00e1 a cabo el gran festival de la cerveza Oktober Fest el 16 y 17 de octubre en donde habr\u00e1 adem\u00e1s muestra gastron\u00f3mica, entre otras actividades de entretenimiento.<\/p>\n\n\n\n<p>En conferencia de prensa realizada en conocido caf\u00e9 del centro de Xalapa, el organizador, Dancer Hainstenberg , resalt\u00f3 que se podr\u00e1 acudir a partir de las 11:00 de la ma\u00f1ana a las 20:00 horas, en donde tambi\u00e9n habr\u00e1 diversas bandas y expositores artesanos, todo con la finalidad de reactivar la econom\u00eda de la capital.<\/p>\n\n\n\n<p>Durante este fin de semana se podr\u00e1n degustar cervezas como Bucanero, de Cuba, Rasput\u00edn, de Rusia, as\u00ed como cerveceras locales como Niebla, Totonaca, Boque\u00f1a, Heroica, Chuchumbe, entre otras.<\/p>\n\n\n\n<p>Habr\u00e1 tacos, hamburguesas, ceviches, m\u00fasica de diversos grupos, djs, la entrada ser\u00e1 de 50 pesos y a las primeras 400 personas les entregaran un vaso conmemorativo.<\/p>\n\n\n\n<p>Por su parte, Maximiliano Ram\u00edrez, destac\u00f3 que debido a la pandemia muchas empresas artesanales lamentablemente tuvieron que cerrar, sin embargo otras tantas tambi\u00e9n lograron abrir y mantenerse.<\/p>\n\n\n\n<p>Reconoci\u00f3 que para lograr que tuvieran ventas tuvieron que implementar diversas acciones como los env\u00edos gratuitos, la idea era adaptarse.<\/p>\n\n\n\n<p>Detall\u00f3 que en la regi\u00f3n de Xalapa existen alrededor de 10 cerveceros artesanales, \u00a0pero siguen surgiendo otras nuevas.<\/p>\n\n\n\n<p>&#8220;Nuestra intenci\u00f3n es que vayan que prueben y que se lo pueden llevar a su casa. Nuestro mercado m\u00e1s grande son las familias&#8221;, asever\u00f3 y sostuvo que es m\u00e1s de degustativo el evento.<\/p>\n\n\n\n<p>Finalmente, subray\u00f3 que la cerveza artesanal xalape\u00f1o se va conociendo en el pa\u00eds, gracias a que han logrado buenas notas.<\/p>\n","protected":false},"excerpt":{"rendered":"<p>Dar\u00edo Pale Xalapa, Ver.- Este fin de semana en el parque Do\u00f1a Falla de Xalapa, se llevar\u00e1 a cabo el gran festival de la cerveza Oktober Fest el 16 y 17 de octubre en donde habr\u00e1 adem\u00e1s muestra gastron\u00f3mica, entre otras actividades de entretenimiento. En conferencia de prensa realizada en conocido caf\u00e9 del centro de [&hellip;]<\/p>\n","protected":false},"author":1,"featured_media":19282,"comment_status":"open","ping_status":"open","sticky":false,"template":"","format":"standard","meta":{"_jetpack_memberships_contains_paid_content":false,"footnotes":""},"categories":[3],"tags":[],"class_list":["post-19281","post","type-post","status-publish","format-standard","has-post-thumbnail","hentry","category-xalapa"],"jetpack_featured_media_url":"https:\/\/encuentroinformativo.com.mx\/wp-content\/uploads\/2021\/10\/1C98998B-5BCA-42E8-A306-AFB9C8B95272.jpeg","jetpack_sharing_enabled":true,"jetpack_likes_enabled":true,"amp_enabled":true,"_links":{"self":[{"href":"https:\/\/encuentroinformativo.com.mx\/index.php?rest_route=\/wp\/v2\/posts\/19281","targetHints":{"allow":["GET"]}}],"collection":[{"href":"https:\/\/encuentroinformativo.com.mx\/index.php?rest_route=\/wp\/v2\/posts"}],"about":[{"href":"https:\/\/encuentroinformativo.com.mx\/index.php?rest_route=\/wp\/v2\/types\/post"}],"author":[{"embeddable":true,"href":"https:\/\/encuentroinformativo.com.mx\/index.php?rest_route=\/wp\/v2\/users\/1"}],"replies":[{"embeddable":true,"href":"https:\/\/encuentroinformativo.com.mx\/index.php?rest_route=%2Fwp%2Fv2%2Fcomments&post=19281"}],"version-history":[{"count":1,"href":"https:\/\/encuentroinformativo.com.mx\/index.php?rest_route=\/wp\/v2\/posts\/19281\/revisions"}],"predecessor-version":[{"id":19283,"href":"https:\/\/encuentroinformativo.com.mx\/index.php?rest_route=\/wp\/v2\/posts\/19281\/revisions\/19283"}],"wp:featuredmedia":[{"embeddable":true,"href":"https:\/\/encuentroinformativo.com.mx\/index.php?rest_route=\/wp\/v2\/media\/19282"}],"wp:attachment":[{"href":"https:\/\/encuentroinformativo.com.mx\/index.php?rest_route=%2Fwp%2Fv2%2Fmedia&parent=19281"}],"wp:term":[{"taxonomy":"category","embeddable":true,"href":"https:\/\/encuentroinformativo.com.mx\/index.php?rest_route=%2Fwp%2Fv2%2Fcategories&post=19281"},{"taxonomy":"post_tag","embeddable":true,"href":"https:\/\/encuentroinformativo.com.mx\/index.php?rest_route=%2Fwp%2Fv2%2Ftags&post=19281"}],"curies":[{"name":"wp","href":"https:\/\/api.w.org\/{rel}","templated":true}]}}