{"id":19284,"date":"2021-10-12T14:23:12","date_gmt":"2021-10-12T19:23:12","guid":{"rendered":"https:\/\/encuentroinformativo.com.mx\/?p=19284"},"modified":"2021-10-12T14:23:16","modified_gmt":"2021-10-12T19:23:16","slug":"gobierno-preocupado-por-primera-alerta-de-genero","status":"publish","type":"post","link":"https:\/\/encuentroinformativo.com.mx\/?p=19284","title":{"rendered":"Gobierno \u201cpreocupado\u201d por primera Alerta de G\u00e9nero"},"content":{"rendered":"\n<p><strong>Dar\u00edo Pale<\/strong> <\/p>\n\n\n\n<p>Xalapa, Ver.- Luego de que la Comisi\u00f3n Nacional para Prevenir y Erradicar la Violencia contra las Mujeres (Conavim) dio a conocer que fue declarada como admisible la solicitud para una tercera declaratoria de Alerta por Violencia de G\u00e9nero contra las Mujeres (AVGM) por desaparici\u00f3n de mujeres, el gobernador del estado Cuitl\u00e1huac Garc\u00eda Jim\u00e9nez respondi\u00f3 que, &#8220;a nosotros lo que nos interesa es la primera alerta&#8221;.<\/p>\n\n\n\n<p>En conferencia de prensa realizada en la sala de Banderas de Palacio de Gobierno, manifest\u00f3 que las organizaciones Colectivo Feminista Cihuatlahtolli A. C., el Instituto Mexicano de Derechos Humanos y Democracia A. C., y Justicia Derechos Humanos y G\u00e9nero A. C., obligaron a la Conavim a aceptar la solicitud a trav\u00e9s de un amparo.<\/p>\n\n\n\n<p>&#8220;Es un proceso que debe seguir nosotros estaremos pendientes. Lo que a nosotros nos importa es atender la primera alerta y estamos trabajando con resultados positivos en ello&#8221;, coment\u00f3.<\/p>\n\n\n\n<p>&#8220;En nuestro gobierno las mujeres van a encontrar un aliado, vamos contra la cultura machista de agredir a las mujeres. Que se oiga claro y lejos: no vamos a permitir agresiones a las mujeres y quien no lo entienda se la ver\u00e1 con la justicia&#8221;, agreg\u00f3.<\/p>\n\n\n\n<p>La Secretar\u00eda de Gobernaci\u00f3n (Segob) dio a conocer que fueron publicadas las convocatorias para la conformaci\u00f3n del Grupo de Trabajo (GT) que analizar\u00e1 la petici\u00f3n, ello en seguimiento a la solicitud efectuada por dichas organizaciones.<\/p>\n\n\n\n<p>El mandatario estatal no perdi\u00f3 oportunidad de mencionar que no ser\u00e1n como el gobierno anterior en donde el secretario de Gobierno agredi\u00f3 a su exesposa y lo solaparon.<\/p>\n\n\n\n<p>Hay que recordar que existem dos declaratorias de Alertas de Violencia de G\u00e9nero; la primera emitida el 23 de noviembre de 2016, derivado del contexto de violencia contra mujeres en el Estado.<\/p>\n\n\n\n<p>Dicho mecanismo fue declarado para 11 municipios: Boca del R\u00edo, Coatzacoalcos, C\u00f3rdoba, Las Choapas, Mart\u00ednez de la Torre, Minatitl\u00e1n, Orizaba, Poza Rica de Hidalgo, Tuxpan, Veracruz y Xalapa.<\/p>\n\n\n\n<p>La segunda declaratoria fue emitida el 13 de diciembre de 2017 por comprobarse un agravio comparado ante restricciones a los derechos humanos de las mujeres derivadas de C\u00f3digo Penal del Estado y de la falta de implementaci\u00f3n de la Norma Oficial Mexicana NOM-046-SSA2-2005 referente a violencia familiar, sexual y contra las mujeres, y los criterios para la prevenci\u00f3n y atenci\u00f3n por parte de personal de salud.<\/p>\n\n\n\n<p><strong>Sin Complicidades<\/strong><\/p>\n\n\n\n<p>En otro tema Garc\u00eda Jim\u00e9nez dio a conocer que, &#8220;no somos c\u00f3mplices, ni omisos ni olvidadizos&#8221;, esto respecto del proceso judicial en contra de Carlos Aguirre, exsecretario de Finanzas en la administraci\u00f3n de Javier Duarte y quien ha logrado seguir su proceso en libertad a diferencia de otros exservidores.<\/p>\n\n\n\n<p>Refiri\u00f3 que en el caso del \u00faltimo secretario de Finanzas de Duarte, Antonio &#8220;N&#8221;, quien hoy, a pesar de los diversos amparos que interpuso para no ser detenido; enfrenta la justicia en la c\u00e1rcel.<\/p>\n\n\n\n<p>Dijo que en este como en todos los casos de los delincuentes de cuello blanco, cuidar\u00e1n el proceso penal, para no montar una simulaci\u00f3n como en el gobierno anterior de Miguel \u00c1ngel Yunes Linares.<\/p>\n\n\n\n<p>&#8220;En el proceso judicial era facilitarles todo, pero medi\u00e1ticamente era: c\u00e1rcel a los corruptos. Hasta que surgieron los primeros indicios de que lo que hicieron era pactar&#8221;, insisti\u00f3 y mencion\u00f3 los audios filtrados del exfiscal Jorge Winckler y los abogados de los exservidores.<\/p>\n\n\n\n<p>Garc\u00eda Jim\u00e9nez indic\u00f3 que en el caso de Carlos Aguirre, seguir\u00e1 su proceso en libertad, y aunque es &#8220;lastimoso&#8221;, es cierto, porque quienes tienen m\u00e1s dinero para pagar buenos abogados, interponen cientos de recursos, amparos para retrasar la justicia.<\/p>\n\n\n\n<p>Critic\u00f3 que el dinero que se robaron del Gobierno ahora lo usan para defenderse y pagar a sus abogados.<\/p>\n\n\n\n<p>Por \u00faltimo fue ah\u00ed donde llam\u00f3 a los diputados para que legislen y se deje de cuidar los procesos judiciales para los poderosos, no s\u00f3lo los exfuncionarios,<\/p>\n","protected":false},"excerpt":{"rendered":"<p>Dar\u00edo Pale Xalapa, Ver.- Luego de que la Comisi\u00f3n Nacional para Prevenir y Erradicar la Violencia contra las Mujeres (Conavim) dio a conocer que fue declarada como admisible la solicitud para una tercera declaratoria de Alerta por Violencia de G\u00e9nero contra las Mujeres (AVGM) por desaparici\u00f3n de mujeres, el gobernador del estado Cuitl\u00e1huac Garc\u00eda Jim\u00e9nez [&hellip;]<\/p>\n","protected":false},"author":1,"featured_media":7927,"comment_status":"open","ping_status":"open","sticky":false,"template":"","format":"standard","meta":{"_jetpack_memberships_contains_paid_content":false,"footnotes":""},"categories":[2],"tags":[],"class_list":["post-19284","post","type-post","status-publish","format-standard","has-post-thumbnail","hentry","category-estado"],"jetpack_featured_media_url":"https:\/\/encuentroinformativo.com.mx\/wp-content\/uploads\/2020\/11\/0F300919-6590-4300-A9F0-FD692465C37F.jpeg","jetpack_sharing_enabled":true,"jetpack_likes_enabled":true,"amp_enabled":true,"_links":{"self":[{"href":"https:\/\/encuentroinformativo.com.mx\/index.php?rest_route=\/wp\/v2\/posts\/19284","targetHints":{"allow":["GET"]}}],"collection":[{"href":"https:\/\/encuentroinformativo.com.mx\/index.php?rest_route=\/wp\/v2\/posts"}],"about":[{"href":"https:\/\/encuentroinformativo.com.mx\/index.php?rest_route=\/wp\/v2\/types\/post"}],"author":[{"embeddable":true,"href":"https:\/\/encuentroinformativo.com.mx\/index.php?rest_route=\/wp\/v2\/users\/1"}],"replies":[{"embeddable":true,"href":"https:\/\/encuentroinformativo.com.mx\/index.php?rest_route=%2Fwp%2Fv2%2Fcomments&post=19284"}],"version-history":[{"count":1,"href":"https:\/\/encuentroinformativo.com.mx\/index.php?rest_route=\/wp\/v2\/posts\/19284\/revisions"}],"predecessor-version":[{"id":19285,"href":"https:\/\/encuentroinformativo.com.mx\/index.php?rest_route=\/wp\/v2\/posts\/19284\/revisions\/19285"}],"wp:featuredmedia":[{"embeddable":true,"href":"https:\/\/encuentroinformativo.com.mx\/index.php?rest_route=\/wp\/v2\/media\/7927"}],"wp:attachment":[{"href":"https:\/\/encuentroinformativo.com.mx\/index.php?rest_route=%2Fwp%2Fv2%2Fmedia&parent=19284"}],"wp:term":[{"taxonomy":"category","embeddable":true,"href":"https:\/\/encuentroinformativo.com.mx\/index.php?rest_route=%2Fwp%2Fv2%2Fcategories&post=19284"},{"taxonomy":"post_tag","embeddable":true,"href":"https:\/\/encuentroinformativo.com.mx\/index.php?rest_route=%2Fwp%2Fv2%2Ftags&post=19284"}],"curies":[{"name":"wp","href":"https:\/\/api.w.org\/{rel}","templated":true}]}}