{"id":19291,"date":"2021-10-12T15:36:19","date_gmt":"2021-10-12T20:36:19","guid":{"rendered":"https:\/\/encuentroinformativo.com.mx\/?p=19291"},"modified":"2021-10-12T15:36:23","modified_gmt":"2021-10-12T20:36:23","slug":"levantan-a-ex-regidor-de-magdalena","status":"publish","type":"post","link":"https:\/\/encuentroinformativo.com.mx\/?p=19291","title":{"rendered":"Levantan a ex regidor de Magdalena"},"content":{"rendered":"\n<p><strong>Juan Arcos<\/strong><\/p>\n\n\n\n<p>Xalapa, Ver.- El exregidor Remigio \u201cN\u201d fue levantado por un grupo armado en el municipio de Magdalena, ubicado en la zona central monta\u00f1osa del estado de Veracruz.<\/p>\n\n\n\n<p>Los hechos ocurrieron a las 6:30 horas de este martes 12 de octubre, cuando hombres armados interceptaron al exfuncionario municipal en la zona conocida como \u201cLa Antena\u201d y se lo llevaron en una camioneta marca Nissan NP300.<\/p>\n\n\n\n<p>En la zona se despleg\u00f3 un fuerte operativo por parte de elementos de la Guardia Nacional, Polic\u00eda Estatal y de la Polic\u00eda del municipio de Rafael Delgado, para dar con el paradero de la v\u00edctima y de los plagiarios.<\/p>\n\n\n\n<p>Sin embargo, hasta el momento no se ha reportado la detenci\u00f3n de alg\u00fan presunto secuestrador ni hay informaci\u00f3n sobre el rescate de la v\u00edctima.<\/p>\n\n\n\n<p>Remigio fue privado de su libertad sobre la carretera estatal Magdalena-Rafael Delgado, zona donde tambi\u00e9n se report\u00f3 una balacera debido a la persecuci\u00f3n de fuerzas del orden contra un motociclista que esquivar el ret\u00e9n policiaco.<\/p>\n\n\n\n<p>Los elementos de seguridad reportaron el incidente a la Fiscal\u00eda General del Estado (FGE) para la apertura de la carpeta de investigaci\u00f3n por el presunto delito de privaci\u00f3n ilegal de la libertad.<\/p>\n\n\n\n<p>Se espera que agentes de la Polic\u00eda Ministerial Acreditable lleve a cabo las acciones pertinentes para rescatar a la v\u00edctima con vida.<\/p>\n\n\n\n<p>Los pobladores reportan que han sido constantes los secuestros sobre la carretera Magdalena-Rafael Delgado y, por ese motivo, han solicitado la presencia de fuerzas federales.<\/p>\n\n\n\n<p>Magdalena limita con los municipios de Ixtaczoquitl\u00e1n, Tilapan, Tequila y San Andr\u00e9s Tenejapan.<\/p>\n\n\n\n<p>Cabe mencionar que en Veracruz fueron presentadas 36 denuncias en la Fiscal\u00eda General del Estado por el delito de secuestro extorsivo.<\/p>\n\n\n\n<p>Lo anterior, coloca a la entidad en el segundo lugar a nivel nacional con m\u00e1s casos del mencionado delito, de enero a agosto de este a\u00f1o, seg\u00fan cifras del Secretariado Ejecutivo del Sistema Nacional de Seguridad P\u00fablica (SESNSP).<\/p>\n","protected":false},"excerpt":{"rendered":"<p>Juan Arcos Xalapa, Ver.- El exregidor Remigio \u201cN\u201d fue levantado por un grupo armado en el municipio de Magdalena, ubicado en la zona central monta\u00f1osa del estado de Veracruz. Los hechos ocurrieron a las 6:30 horas de este martes 12 de octubre, cuando hombres armados interceptaron al exfuncionario municipal en la zona conocida como \u201cLa [&hellip;]<\/p>\n","protected":false},"author":1,"featured_media":19292,"comment_status":"open","ping_status":"open","sticky":false,"template":"","format":"standard","meta":{"_jetpack_memberships_contains_paid_content":false,"footnotes":""},"categories":[14],"tags":[],"class_list":["post-19291","post","type-post","status-publish","format-standard","has-post-thumbnail","hentry","category-policiaca"],"jetpack_featured_media_url":"https:\/\/encuentroinformativo.com.mx\/wp-content\/uploads\/2021\/10\/353D75CC-1074-484A-B27A-BA0BCB4D6C65.jpeg","jetpack_sharing_enabled":true,"jetpack_likes_enabled":true,"amp_enabled":true,"_links":{"self":[{"href":"https:\/\/encuentroinformativo.com.mx\/index.php?rest_route=\/wp\/v2\/posts\/19291","targetHints":{"allow":["GET"]}}],"collection":[{"href":"https:\/\/encuentroinformativo.com.mx\/index.php?rest_route=\/wp\/v2\/posts"}],"about":[{"href":"https:\/\/encuentroinformativo.com.mx\/index.php?rest_route=\/wp\/v2\/types\/post"}],"author":[{"embeddable":true,"href":"https:\/\/encuentroinformativo.com.mx\/index.php?rest_route=\/wp\/v2\/users\/1"}],"replies":[{"embeddable":true,"href":"https:\/\/encuentroinformativo.com.mx\/index.php?rest_route=%2Fwp%2Fv2%2Fcomments&post=19291"}],"version-history":[{"count":1,"href":"https:\/\/encuentroinformativo.com.mx\/index.php?rest_route=\/wp\/v2\/posts\/19291\/revisions"}],"predecessor-version":[{"id":19293,"href":"https:\/\/encuentroinformativo.com.mx\/index.php?rest_route=\/wp\/v2\/posts\/19291\/revisions\/19293"}],"wp:featuredmedia":[{"embeddable":true,"href":"https:\/\/encuentroinformativo.com.mx\/index.php?rest_route=\/wp\/v2\/media\/19292"}],"wp:attachment":[{"href":"https:\/\/encuentroinformativo.com.mx\/index.php?rest_route=%2Fwp%2Fv2%2Fmedia&parent=19291"}],"wp:term":[{"taxonomy":"category","embeddable":true,"href":"https:\/\/encuentroinformativo.com.mx\/index.php?rest_route=%2Fwp%2Fv2%2Fcategories&post=19291"},{"taxonomy":"post_tag","embeddable":true,"href":"https:\/\/encuentroinformativo.com.mx\/index.php?rest_route=%2Fwp%2Fv2%2Ftags&post=19291"}],"curies":[{"name":"wp","href":"https:\/\/api.w.org\/{rel}","templated":true}]}}