{"id":19294,"date":"2021-10-12T15:47:31","date_gmt":"2021-10-12T20:47:31","guid":{"rendered":"https:\/\/encuentroinformativo.com.mx\/?p=19294"},"modified":"2021-10-12T15:47:35","modified_gmt":"2021-10-12T20:47:35","slug":"demandan-al-ople-definir-asignacion-de-pluris","status":"publish","type":"post","link":"https:\/\/encuentroinformativo.com.mx\/?p=19294","title":{"rendered":"Demandan al OPLE definir asignaci\u00f3n de pluris"},"content":{"rendered":"\n<p><strong>Dar\u00edo Pale <\/strong><\/p>\n\n\n\n<p>Xalapa, Ver.- El Comisionado Pol\u00edtico Nacional del Partido del Trabajo (PT), Ram\u00f3n D\u00edaz \u00c1vila dio a conocer que &#8220;no sabemos a qu\u00e9 instancias o a qu\u00e9 santos recurrir para ser considerados en la pr\u00f3ximo Congreso del Estado&#8221;.<\/p>\n\n\n\n<p>En conferencia de prensa realizada en las instalaciones de su partido, se\u00f1al\u00f3 que a tres semanas de entrar en funciones la LXVI Legislatura el Organismo P\u00fablico Local Electroal (OPLE) a\u00fan no ha resuelto quienes formar\u00e1n parte por la v\u00eda de la Representaci\u00f3n Proporcional.<\/p>\n\n\n\n<p>&#8220;Somos respetuoso de las acciones que desarrollen los partidos pol\u00edticos, en torno a la conformaci\u00f3n de la Sexag\u00e9sima Sexta Legislatura del Congreso del Estado, si al final el OPLE saca otra resoluci\u00f3n, ya cada partido sabremos a qu\u00e9 instancias o a qu\u00e9 santos recurrir para ser considerados en esa Representaci\u00f3n Popular&#8221;, coment\u00f3.<\/p>\n\n\n\n<p>Dio a conocer que hay \u201cquienes le rezan a los santos, nosotros no tenemos ning\u00fan problema en el PT, porque sabemos que nos toca un diputado en este Congreso y a c\u00f3mo lo tom\u00e9 el OPLE nosotros estamos representados\u201d.<\/p>\n\n\n\n<p>Lo anterior es ante los se\u00f1alamientos del todav\u00eda presidente de la Junta de Coordinaci\u00f3n Pol\u00edtica de la LXV Legislatura estatal, Juan Javier G\u00f3mez Casar\u00edn, en el sentido de que ser\u00e1 un integrante m\u00e1s de la pr\u00f3xima C\u00e1mara Local.<\/p>\n\n\n\n<p>En lo que se refiere a su caso se dijo estar seguro de sus se\u00f1alamientos que de &#8220;entraba un servidor porque encabez\u00f3 la lista, en Morena encabeza alguien la lista, en el PAN igual, en el PRI, en el MC, etc\u00e9tera, ahora nada m\u00e1s falta el dictamen del OPLE y algunos vamos a decir \u2018chin no me toc\u00f3&#8217; y otros vamos a decir \u2018bueno, ya est\u00e1bamos preparados y entra la o el compa\u00f1ero que est\u00e1\u201d.<\/p>\n\n\n\n<p>A dos semanas de que entre en funciones la pr\u00f3xima Legislatura estatal, consider\u00f3 que las acciones en las que incurren los morenista es para \u201cpresionar de una forma medi\u00e1tica al OPLE y el dictamen los considere, pero estamos a la espera. Ya le dije a la compa\u00f1era Dinors Navarrete Enr\u00edquez, que est\u00e1 en segundo lugar \u2018ya c\u00f3mprense su vestido para ir de gala, un servidor ya se mand\u00f3 hacer su traje\u2019, estamos preparados\u201d.<\/p>\n\n\n\n<p>Finalmente dio a conocer que el PT tiene a cuatro hombres que se acomodar\u00edan para que se equilibre el Congreso 25 mujeres y 25 hombres, pero no tienen ning\u00fan problema en ese aspecto.<\/p>\n","protected":false},"excerpt":{"rendered":"<p>Dar\u00edo Pale Xalapa, Ver.- El Comisionado Pol\u00edtico Nacional del Partido del Trabajo (PT), Ram\u00f3n D\u00edaz \u00c1vila dio a conocer que &#8220;no sabemos a qu\u00e9 instancias o a qu\u00e9 santos recurrir para ser considerados en la pr\u00f3ximo Congreso del Estado&#8221;. En conferencia de prensa realizada en las instalaciones de su partido, se\u00f1al\u00f3 que a tres semanas [&hellip;]<\/p>\n","protected":false},"author":1,"featured_media":19295,"comment_status":"open","ping_status":"open","sticky":false,"template":"","format":"standard","meta":{"_jetpack_memberships_contains_paid_content":false,"footnotes":""},"categories":[2],"tags":[],"class_list":["post-19294","post","type-post","status-publish","format-standard","has-post-thumbnail","hentry","category-estado"],"jetpack_featured_media_url":"https:\/\/encuentroinformativo.com.mx\/wp-content\/uploads\/2021\/10\/B5289BE4-C16B-4A1A-9352-251A442852FC.jpeg","jetpack_sharing_enabled":true,"jetpack_likes_enabled":true,"amp_enabled":true,"_links":{"self":[{"href":"https:\/\/encuentroinformativo.com.mx\/index.php?rest_route=\/wp\/v2\/posts\/19294","targetHints":{"allow":["GET"]}}],"collection":[{"href":"https:\/\/encuentroinformativo.com.mx\/index.php?rest_route=\/wp\/v2\/posts"}],"about":[{"href":"https:\/\/encuentroinformativo.com.mx\/index.php?rest_route=\/wp\/v2\/types\/post"}],"author":[{"embeddable":true,"href":"https:\/\/encuentroinformativo.com.mx\/index.php?rest_route=\/wp\/v2\/users\/1"}],"replies":[{"embeddable":true,"href":"https:\/\/encuentroinformativo.com.mx\/index.php?rest_route=%2Fwp%2Fv2%2Fcomments&post=19294"}],"version-history":[{"count":1,"href":"https:\/\/encuentroinformativo.com.mx\/index.php?rest_route=\/wp\/v2\/posts\/19294\/revisions"}],"predecessor-version":[{"id":19296,"href":"https:\/\/encuentroinformativo.com.mx\/index.php?rest_route=\/wp\/v2\/posts\/19294\/revisions\/19296"}],"wp:featuredmedia":[{"embeddable":true,"href":"https:\/\/encuentroinformativo.com.mx\/index.php?rest_route=\/wp\/v2\/media\/19295"}],"wp:attachment":[{"href":"https:\/\/encuentroinformativo.com.mx\/index.php?rest_route=%2Fwp%2Fv2%2Fmedia&parent=19294"}],"wp:term":[{"taxonomy":"category","embeddable":true,"href":"https:\/\/encuentroinformativo.com.mx\/index.php?rest_route=%2Fwp%2Fv2%2Fcategories&post=19294"},{"taxonomy":"post_tag","embeddable":true,"href":"https:\/\/encuentroinformativo.com.mx\/index.php?rest_route=%2Fwp%2Fv2%2Ftags&post=19294"}],"curies":[{"name":"wp","href":"https:\/\/api.w.org\/{rel}","templated":true}]}}