{"id":19300,"date":"2021-10-12T18:53:03","date_gmt":"2021-10-12T23:53:03","guid":{"rendered":"https:\/\/encuentroinformativo.com.mx\/?p=19300"},"modified":"2021-10-12T18:53:07","modified_gmt":"2021-10-12T23:53:07","slug":"con-arma-blanca-asesinan-a-joven-en-colonia-amapolas","status":"publish","type":"post","link":"https:\/\/encuentroinformativo.com.mx\/?p=19300","title":{"rendered":"Con arma blanca, asesinan a joven en colonia Amapolas"},"content":{"rendered":"\n<p><strong>Alejandro \u00c1vila<\/strong><\/p>\n\n\n\n<p>Veracruz, Ver.- De forma violenta fue asesinado un joven de apenas 25 a\u00f1os en la habitaci\u00f3n de su hogar, ubicado en la colonia Amapolas 2, el cuerpo, fue encontrado por su abuela de 84 a\u00f1os.<\/p>\n\n\n\n<p>Seg\u00fan los primeros reportes, el homicidio se dio la madrugada de este martes, aunque el cuerpo fue hallado y reportado al 911 cerca de las seis de la ma\u00f1ana, el cadaver presentaba huellas de violencia y heridas de arma blanca.<\/p>\n\n\n\n<p>Familiares mencionaron que el joven respond\u00eda al nombre de Luis Felipe V.L. quien hac\u00eda algunos a\u00f1os que se hab\u00eda graduado de la universidad, trabajaba para ayudar a su familia y era fan\u00e1tico de hacer deporte.<\/p>\n\n\n\n<p>El hecho violento fue registrado en la calle Trueno, esquina calle Aire en la colonia Las Amapolas 2, donde los uniformados tras confirmar el violento homicidio, acordonaron la zona.&nbsp;<\/p>\n\n\n\n<p>Al lugar llegaron elementos de la Polic\u00eda Estatal, personal de Servicios Periciales y Polic\u00eda Ministerial, para iniciar a recabar datos y abrir la carpeta de investigaci\u00f3n; el cuerpo fue trasladado al Servicio de Medicina Forense, para realizarle la necropsia que marca la ley.<\/p>\n","protected":false},"excerpt":{"rendered":"<p>Alejandro \u00c1vila Veracruz, Ver.- De forma violenta fue asesinado un joven de apenas 25 a\u00f1os en la habitaci\u00f3n de su hogar, ubicado en la colonia Amapolas 2, el cuerpo, fue encontrado por su abuela de 84 a\u00f1os. Seg\u00fan los primeros reportes, el homicidio se dio la madrugada de este martes, aunque el cuerpo fue hallado [&hellip;]<\/p>\n","protected":false},"author":1,"featured_media":19301,"comment_status":"open","ping_status":"open","sticky":false,"template":"","format":"standard","meta":{"_jetpack_memberships_contains_paid_content":false,"footnotes":""},"categories":[14],"tags":[],"class_list":["post-19300","post","type-post","status-publish","format-standard","has-post-thumbnail","hentry","category-policiaca"],"jetpack_featured_media_url":"https:\/\/encuentroinformativo.com.mx\/wp-content\/uploads\/2021\/10\/0B07E33C-BB71-49E0-90B2-CBF1254F7220.jpeg","jetpack_sharing_enabled":true,"jetpack_likes_enabled":true,"amp_enabled":true,"_links":{"self":[{"href":"https:\/\/encuentroinformativo.com.mx\/index.php?rest_route=\/wp\/v2\/posts\/19300","targetHints":{"allow":["GET"]}}],"collection":[{"href":"https:\/\/encuentroinformativo.com.mx\/index.php?rest_route=\/wp\/v2\/posts"}],"about":[{"href":"https:\/\/encuentroinformativo.com.mx\/index.php?rest_route=\/wp\/v2\/types\/post"}],"author":[{"embeddable":true,"href":"https:\/\/encuentroinformativo.com.mx\/index.php?rest_route=\/wp\/v2\/users\/1"}],"replies":[{"embeddable":true,"href":"https:\/\/encuentroinformativo.com.mx\/index.php?rest_route=%2Fwp%2Fv2%2Fcomments&post=19300"}],"version-history":[{"count":1,"href":"https:\/\/encuentroinformativo.com.mx\/index.php?rest_route=\/wp\/v2\/posts\/19300\/revisions"}],"predecessor-version":[{"id":19302,"href":"https:\/\/encuentroinformativo.com.mx\/index.php?rest_route=\/wp\/v2\/posts\/19300\/revisions\/19302"}],"wp:featuredmedia":[{"embeddable":true,"href":"https:\/\/encuentroinformativo.com.mx\/index.php?rest_route=\/wp\/v2\/media\/19301"}],"wp:attachment":[{"href":"https:\/\/encuentroinformativo.com.mx\/index.php?rest_route=%2Fwp%2Fv2%2Fmedia&parent=19300"}],"wp:term":[{"taxonomy":"category","embeddable":true,"href":"https:\/\/encuentroinformativo.com.mx\/index.php?rest_route=%2Fwp%2Fv2%2Fcategories&post=19300"},{"taxonomy":"post_tag","embeddable":true,"href":"https:\/\/encuentroinformativo.com.mx\/index.php?rest_route=%2Fwp%2Fv2%2Ftags&post=19300"}],"curies":[{"name":"wp","href":"https:\/\/api.w.org\/{rel}","templated":true}]}}