{"id":19311,"date":"2021-10-13T10:48:48","date_gmt":"2021-10-13T15:48:48","guid":{"rendered":"https:\/\/encuentroinformativo.com.mx\/?p=19311"},"modified":"2021-10-13T10:48:51","modified_gmt":"2021-10-13T15:48:51","slug":"novatean-a-ediles-electos","status":"publish","type":"post","link":"https:\/\/encuentroinformativo.com.mx\/?p=19311","title":{"rendered":"Novatean a ediles electos"},"content":{"rendered":"\n<p><strong>PLUMA NEGRA\u00a0<\/strong><\/p>\n\n\n\n<p><strong>Ignacio Alvarez<\/strong><\/p>\n\n\n\n<p>Las reuniones que realizan los organismos de gobierno para capacitar a los ediles electos que tomar\u00e1n protesta el pr\u00f3ximo 31 de diciembre, han servido tambi\u00e9n para organizarse y denunciar acciones al margen de la moralidad.\u00a0<\/p>\n\n\n\n<p>Y es que a buena parte de ellos ya les han llamado de parte de algunos funcionarios estatales y legisladores para instruirles con qu\u00e9&nbsp;despachos contables y constructoras deber\u00e1n de trabajar, &nbsp;tambi\u00e9n les han sugerido a personas para cargos de importancia como tesorer\u00edas y contralor\u00edas municipales.<\/p>\n\n\n\n<p>Extraoficialmente y con mayor\u00eda de alcaldes de MORENA y de otros partidos pol\u00edticos, los pr\u00f3ximos presidentes municipales ya se empezaron a unir para denunciar de manera grupal esas acciones que los colocan a merced de los funcionarios estatales.<\/p>\n\n\n\n<p>De acuerdo a los alcaldes electos ya hicieron una primera denuncia &nbsp;grupal con el propio Presidente de M\u00e9xico, Andr\u00e9s Manuel L\u00f3pez Obrador, sobre los hechos que evidencian un desfasado apetito y sed de poder y dinero de parte de quienes ya llevan tres a\u00f1os en los cargos del Congreso Local y de la administraci\u00f3n p\u00fablica estatal.<\/p>\n\n\n\n<p>Los canales para llegar al Presidente con la queja, fueronlegisladores federales&nbsp;veracruzanos con experiencia y que tampoco est\u00e1n de acuerdo con las acciones de algunos funcionarios estatales para con las nuevas autoridades municipales.<\/p>\n\n\n\n<p>Y es que aparte de las presiones equiparables a extorsi\u00f3n de algunos funcionarios p\u00fablicos estatales, los nuevos alcaldes tendr\u00e1n que luchar contra las administraciones salientes que tienen el sart\u00e9n por el mango y tambi\u00e9n tratan de condicionar a los nuevos que en su mayor\u00eda desconocen la administraci\u00f3n p\u00fablica municipal.&nbsp;<\/p>\n\n\n\n<p>Entre las denuncias se enlistan tambi\u00e9n un presunto diezmo a los presupuestos y disciplina total a pesar de que se trata de ediles salidos de un procesos electoral constitucional y con autonom\u00eda que establece la Ley del Municipio Libre del Estado de Veracruz.<\/p>\n\n\n\n<p>Los denunciantes aseguran tener grabaciones y mensajes de whatsapp de los funcionarios que pretenden presionarlos desde meses antes que tomen posesi\u00f3n en sus cargos y gobernar a sus pueblos.<\/p>\n\n\n\n<p><strong>Llevan ayuda<\/strong> <strong>a damnificados<\/strong><\/p>\n\n\n\n<p>El aparato de gobierno se puso las pilas y empez\u00f3&nbsp;la entrega de despensas a los damnificados por las lluvias en los municipios de Lerdo de Tejada, Saltabarranca y San Andr\u00e9s Tuxtla.<\/p>\n\n\n\n<p>El propio gobernador de Veracruz, Cuitl\u00e1huac Garc\u00eda Jim\u00e9nez, la directora general del DIF, Rebeca Quintanar y la secretaria de Protecci\u00f3n Civil, Guadalupe Osorno hicieron presencia&nbsp;\u2018para entregar despensas en apoyo de m\u00e1s de mil 300 familias que perdieron sus pertenencias durante las inundaciones del fin de semana.<\/p>\n\n\n\n<p>La tarea de apoyo se ampliar\u00e1&nbsp;con programas sociales y de desarrollo comunitario, as\u00ed&nbsp;como la reubicaci\u00f3n de viviendas de quienes habitan en zonas de riesgo en esa regi\u00f3n de Veracruz.<\/p>\n","protected":false},"excerpt":{"rendered":"<p>PLUMA NEGRA\u00a0 Ignacio Alvarez Las reuniones que realizan los organismos de gobierno para capacitar a los ediles electos que tomar\u00e1n protesta el pr\u00f3ximo 31 de diciembre, han servido tambi\u00e9n para organizarse y denunciar acciones al margen de la moralidad.\u00a0 Y es que a buena parte de ellos ya les han llamado de parte de algunos [&hellip;]<\/p>\n","protected":false},"author":1,"featured_media":387,"comment_status":"open","ping_status":"open","sticky":false,"template":"","format":"standard","meta":{"_jetpack_memberships_contains_paid_content":false,"footnotes":""},"categories":[11],"tags":[],"class_list":["post-19311","post","type-post","status-publish","format-standard","has-post-thumbnail","hentry","category-opinion"],"jetpack_featured_media_url":"https:\/\/encuentroinformativo.com.mx\/wp-content\/uploads\/2020\/03\/7CF8A22B-2764-47BE-8F7F-38FE9E5D6A2F.jpeg","jetpack_sharing_enabled":true,"jetpack_likes_enabled":true,"amp_enabled":true,"_links":{"self":[{"href":"https:\/\/encuentroinformativo.com.mx\/index.php?rest_route=\/wp\/v2\/posts\/19311","targetHints":{"allow":["GET"]}}],"collection":[{"href":"https:\/\/encuentroinformativo.com.mx\/index.php?rest_route=\/wp\/v2\/posts"}],"about":[{"href":"https:\/\/encuentroinformativo.com.mx\/index.php?rest_route=\/wp\/v2\/types\/post"}],"author":[{"embeddable":true,"href":"https:\/\/encuentroinformativo.com.mx\/index.php?rest_route=\/wp\/v2\/users\/1"}],"replies":[{"embeddable":true,"href":"https:\/\/encuentroinformativo.com.mx\/index.php?rest_route=%2Fwp%2Fv2%2Fcomments&post=19311"}],"version-history":[{"count":1,"href":"https:\/\/encuentroinformativo.com.mx\/index.php?rest_route=\/wp\/v2\/posts\/19311\/revisions"}],"predecessor-version":[{"id":19312,"href":"https:\/\/encuentroinformativo.com.mx\/index.php?rest_route=\/wp\/v2\/posts\/19311\/revisions\/19312"}],"wp:featuredmedia":[{"embeddable":true,"href":"https:\/\/encuentroinformativo.com.mx\/index.php?rest_route=\/wp\/v2\/media\/387"}],"wp:attachment":[{"href":"https:\/\/encuentroinformativo.com.mx\/index.php?rest_route=%2Fwp%2Fv2%2Fmedia&parent=19311"}],"wp:term":[{"taxonomy":"category","embeddable":true,"href":"https:\/\/encuentroinformativo.com.mx\/index.php?rest_route=%2Fwp%2Fv2%2Fcategories&post=19311"},{"taxonomy":"post_tag","embeddable":true,"href":"https:\/\/encuentroinformativo.com.mx\/index.php?rest_route=%2Fwp%2Fv2%2Ftags&post=19311"}],"curies":[{"name":"wp","href":"https:\/\/api.w.org\/{rel}","templated":true}]}}