{"id":19319,"date":"2021-10-13T13:05:33","date_gmt":"2021-10-13T18:05:33","guid":{"rendered":"https:\/\/encuentroinformativo.com.mx\/?p=19319"},"modified":"2021-10-13T13:05:35","modified_gmt":"2021-10-13T18:05:35","slug":"once-heridos-en-choque-de-autobus-de-tenaris-tamsa","status":"publish","type":"post","link":"https:\/\/encuentroinformativo.com.mx\/?p=19319","title":{"rendered":"Once heridos en choque de autob\u00fas de Tenaris Tamsa"},"content":{"rendered":"\n<p><strong>Alejandro \u00c1vila<\/strong><\/p>\n\n\n\n<p><strong>Fotos: <\/strong>Sergio Aldazaba\/Cortes\u00eda <\/p>\n\n\n\n<p>Veracruz, Ver.- Once empleados de la empresa Tenaris Tamsa y el conductor de la unidad quedaron severamente heridos tras un aparatoso accidente que se registr\u00f3 la ma\u00f1ana de este miercoles sobre la carretera Cabeza Olmeca &#8211; Santa Fe, a la altura de las instalaciones de la Guardia Nacional.<\/p>\n\n\n\n<p>El conductor de la unidad, de nombre Antonio Utrera, qued\u00f3 prensado a la misma, tras aparentemente quedarse dormido e impactarse con el muro; la unidad con raz\u00f3n social TEPER concesionado a llevar trabajadores, y marcado con el n\u00famero econ\u00f3mico 7526, circulaba en el carril que va con direcci\u00f3n de norte a sur.<\/p>\n\n\n\n<p>Conductores de otras unidades bajaron de sus veh\u00edculos para auxiliar a los heridos mientras ped\u00edan al 911 la llegada de los paramedicos de la Cruz Roja.<\/p>\n\n\n\n<p>Los trabajadores que resultaron menos heridos abrieron las salidas de emergencia situadas en las ventanillas y brincaron, en tanto agentes de la Guardia Nacional salieron de su base para abanderar el lugar y ayudarles.<\/p>\n\n\n\n<p>Al llegar al lugar los t\u00e9cnicos en urgencias m\u00e9dicas, auxiliaron a los heridos y se dispusieron a liberar al chofer que qued\u00f3 prensado frente al volante.<\/p>\n\n\n\n<p>Los lesionados que resultaron con heridas de mayor consideraci\u00f3n fueron identificados como Ricardo Ra\u00fal Sol\u00eds Ramos de 31 a\u00f1os de edad, Said Osiris Corro Aviles de 31, Jorge Alberto Valdez Sanchez de 40, Delfino Limas Contreras de 28, Ricardo G\u00f3mez Hern\u00e1ndez de 28, David Mart\u00ednez Licona de 46, Roberto Hugo Murillo Gamboa de 44 y Eliseo Garcia Gallegos de 58 quienes fueron llevados al Hospital Star Medic.<\/p>\n\n\n\n<p>Los socorristas laboraron durante una hora con las tenazas hidr\u00e1ulicas para poder liberar las piernas del chofer que qued\u00f3 atrapado, por lo cual tuvieron que cortar los pedales, el tablero, el volante y la l\u00e1mina, en tanto le iban brindando los primeros auxilios para evitar que se descompensara.<\/p>\n\n\n\n<p>Por su parte agentes de la Guardia Nacional divisi\u00f3n caminos coordinaron las maniobras con el apoyo de la gr\u00faa concesionada para poder retirar el autob\u00fas al corral\u00f3n correspondiente y deslindar las responsabilidades que resulten.<\/p>\n\n\n\n<figure class=\"wp-block-image size-large\"><img loading=\"lazy\" decoding=\"async\" width=\"1024\" height=\"678\" src=\"https:\/\/encuentroinformativo.com.mx\/wp-content\/uploads\/2021\/10\/30DEB926-0464-4A80-A361-9C9885BF7B80-1024x678.jpeg\" alt=\"\" class=\"wp-image-19321\" srcset=\"https:\/\/encuentroinformativo.com.mx\/wp-content\/uploads\/2021\/10\/30DEB926-0464-4A80-A361-9C9885BF7B80-1024x678.jpeg 1024w, https:\/\/encuentroinformativo.com.mx\/wp-content\/uploads\/2021\/10\/30DEB926-0464-4A80-A361-9C9885BF7B80-300x199.jpeg 300w, https:\/\/encuentroinformativo.com.mx\/wp-content\/uploads\/2021\/10\/30DEB926-0464-4A80-A361-9C9885BF7B80-768x509.jpeg 768w, https:\/\/encuentroinformativo.com.mx\/wp-content\/uploads\/2021\/10\/30DEB926-0464-4A80-A361-9C9885BF7B80-1536x1018.jpeg 1536w, https:\/\/encuentroinformativo.com.mx\/wp-content\/uploads\/2021\/10\/30DEB926-0464-4A80-A361-9C9885BF7B80.jpeg 1600w\" sizes=\"auto, (max-width: 1024px) 100vw, 1024px\" \/><\/figure>\n\n\n\n<figure class=\"wp-block-jetpack-image-compare\"><div class=\"juxtapose\" data-mode=\"horizontal\"><img class=\"image-compare__image-before\"\/><img class=\"image-compare__image-after\"\/><\/div><\/figure>\n","protected":false},"excerpt":{"rendered":"<p>Alejandro \u00c1vila Fotos: Sergio Aldazaba\/Cortes\u00eda Veracruz, Ver.- Once empleados de la empresa Tenaris Tamsa y el conductor de la unidad quedaron severamente heridos tras un aparatoso accidente que se registr\u00f3 la ma\u00f1ana de este miercoles sobre la carretera Cabeza Olmeca &#8211; Santa Fe, a la altura de las instalaciones de la Guardia Nacional. El conductor [&hellip;]<\/p>\n","protected":false},"author":1,"featured_media":19320,"comment_status":"open","ping_status":"open","sticky":false,"template":"","format":"standard","meta":{"_jetpack_memberships_contains_paid_content":false,"footnotes":""},"categories":[2],"tags":[],"class_list":["post-19319","post","type-post","status-publish","format-standard","has-post-thumbnail","hentry","category-estado"],"jetpack_featured_media_url":"https:\/\/encuentroinformativo.com.mx\/wp-content\/uploads\/2021\/10\/6CD9AB57-1BE7-4C86-A2FF-C9D0582BC7BB.jpeg","jetpack_sharing_enabled":true,"jetpack_likes_enabled":true,"amp_enabled":true,"_links":{"self":[{"href":"https:\/\/encuentroinformativo.com.mx\/index.php?rest_route=\/wp\/v2\/posts\/19319","targetHints":{"allow":["GET"]}}],"collection":[{"href":"https:\/\/encuentroinformativo.com.mx\/index.php?rest_route=\/wp\/v2\/posts"}],"about":[{"href":"https:\/\/encuentroinformativo.com.mx\/index.php?rest_route=\/wp\/v2\/types\/post"}],"author":[{"embeddable":true,"href":"https:\/\/encuentroinformativo.com.mx\/index.php?rest_route=\/wp\/v2\/users\/1"}],"replies":[{"embeddable":true,"href":"https:\/\/encuentroinformativo.com.mx\/index.php?rest_route=%2Fwp%2Fv2%2Fcomments&post=19319"}],"version-history":[{"count":1,"href":"https:\/\/encuentroinformativo.com.mx\/index.php?rest_route=\/wp\/v2\/posts\/19319\/revisions"}],"predecessor-version":[{"id":19322,"href":"https:\/\/encuentroinformativo.com.mx\/index.php?rest_route=\/wp\/v2\/posts\/19319\/revisions\/19322"}],"wp:featuredmedia":[{"embeddable":true,"href":"https:\/\/encuentroinformativo.com.mx\/index.php?rest_route=\/wp\/v2\/media\/19320"}],"wp:attachment":[{"href":"https:\/\/encuentroinformativo.com.mx\/index.php?rest_route=%2Fwp%2Fv2%2Fmedia&parent=19319"}],"wp:term":[{"taxonomy":"category","embeddable":true,"href":"https:\/\/encuentroinformativo.com.mx\/index.php?rest_route=%2Fwp%2Fv2%2Fcategories&post=19319"},{"taxonomy":"post_tag","embeddable":true,"href":"https:\/\/encuentroinformativo.com.mx\/index.php?rest_route=%2Fwp%2Fv2%2Ftags&post=19319"}],"curies":[{"name":"wp","href":"https:\/\/api.w.org\/{rel}","templated":true}]}}