{"id":19323,"date":"2021-10-13T13:24:21","date_gmt":"2021-10-13T18:24:21","guid":{"rendered":"https:\/\/encuentroinformativo.com.mx\/?p=19323"},"modified":"2021-10-13T13:24:25","modified_gmt":"2021-10-13T18:24:25","slug":"con-c2-esperan-reducir-indices-delictivos-en-coatepec","status":"publish","type":"post","link":"https:\/\/encuentroinformativo.com.mx\/?p=19323","title":{"rendered":"Con C2 esperan reducir \u00edndices delictivos en Coatepec"},"content":{"rendered":"\n<p><strong>Dar\u00edo Pale<\/strong><\/p>\n\n\n\n<p>Xalapa, Ver.- El presidente municipal de Coatepec, Enrique Fern\u00e1ndez Peredo inform\u00f3 que en pr\u00f3ximos d\u00edas quedar\u00e1 instalado el nuevo Centro de C\u00f3mputo (C2), esto con la finalidad de reducir la incidencia delictiva y mejorar la percepci\u00f3n de la seguridad en el municipio.<\/p>\n\n\n\n<p>En entrevista coment\u00f3 que, &#8220;ya est\u00e1 pr\u00e1cticamente listo y a unos d\u00edas de ser anunciado para que acudan y vean c\u00f3mo funciona este Centro&#8221;.<\/p>\n\n\n\n<p>Explic\u00f3 que gracias a la conformaci\u00f3n de la Polic\u00eda Municipal y la implementaci\u00f3n de las estrategias como la mencionada, han reducido la incidencia en un 30 por ciento.<\/p>\n\n\n\n<p>Dio a conocer que los delitos que m\u00e1s se comet\u00edan era el robo a casa habitaci\u00f3n y robo a comercio, sin embargo, seg\u00fan los datos del Secretariado Ejecutivo Nacional de Seguridad P\u00fablica, estos se fueron a la baja, &#8220;ha disminuido cerca de un 30 por ciento en todos los \u00e1mbitos&#8221;.<\/p>\n\n\n\n<p>Finalmente dio a conocer que dejar\u00e1 capacitados a cerca de 100 elementos municipales, cantidad con la cual est\u00e1 cerca de cumplir la meta de 126 polic\u00edas para casi cien mil habitantes.<\/p>\n","protected":false},"excerpt":{"rendered":"<p>Dar\u00edo Pale Xalapa, Ver.- El presidente municipal de Coatepec, Enrique Fern\u00e1ndez Peredo inform\u00f3 que en pr\u00f3ximos d\u00edas quedar\u00e1 instalado el nuevo Centro de C\u00f3mputo (C2), esto con la finalidad de reducir la incidencia delictiva y mejorar la percepci\u00f3n de la seguridad en el municipio. En entrevista coment\u00f3 que, &#8220;ya est\u00e1 pr\u00e1cticamente listo y a unos [&hellip;]<\/p>\n","protected":false},"author":1,"featured_media":19324,"comment_status":"open","ping_status":"open","sticky":false,"template":"","format":"standard","meta":{"_jetpack_memberships_contains_paid_content":false,"footnotes":""},"categories":[8],"tags":[],"class_list":["post-19323","post","type-post","status-publish","format-standard","has-post-thumbnail","hentry","category-region"],"jetpack_featured_media_url":"https:\/\/encuentroinformativo.com.mx\/wp-content\/uploads\/2021\/10\/03892D90-A4BD-45B2-8A93-E2126106269A.jpeg","jetpack_sharing_enabled":true,"jetpack_likes_enabled":true,"amp_enabled":true,"_links":{"self":[{"href":"https:\/\/encuentroinformativo.com.mx\/index.php?rest_route=\/wp\/v2\/posts\/19323","targetHints":{"allow":["GET"]}}],"collection":[{"href":"https:\/\/encuentroinformativo.com.mx\/index.php?rest_route=\/wp\/v2\/posts"}],"about":[{"href":"https:\/\/encuentroinformativo.com.mx\/index.php?rest_route=\/wp\/v2\/types\/post"}],"author":[{"embeddable":true,"href":"https:\/\/encuentroinformativo.com.mx\/index.php?rest_route=\/wp\/v2\/users\/1"}],"replies":[{"embeddable":true,"href":"https:\/\/encuentroinformativo.com.mx\/index.php?rest_route=%2Fwp%2Fv2%2Fcomments&post=19323"}],"version-history":[{"count":1,"href":"https:\/\/encuentroinformativo.com.mx\/index.php?rest_route=\/wp\/v2\/posts\/19323\/revisions"}],"predecessor-version":[{"id":19325,"href":"https:\/\/encuentroinformativo.com.mx\/index.php?rest_route=\/wp\/v2\/posts\/19323\/revisions\/19325"}],"wp:featuredmedia":[{"embeddable":true,"href":"https:\/\/encuentroinformativo.com.mx\/index.php?rest_route=\/wp\/v2\/media\/19324"}],"wp:attachment":[{"href":"https:\/\/encuentroinformativo.com.mx\/index.php?rest_route=%2Fwp%2Fv2%2Fmedia&parent=19323"}],"wp:term":[{"taxonomy":"category","embeddable":true,"href":"https:\/\/encuentroinformativo.com.mx\/index.php?rest_route=%2Fwp%2Fv2%2Fcategories&post=19323"},{"taxonomy":"post_tag","embeddable":true,"href":"https:\/\/encuentroinformativo.com.mx\/index.php?rest_route=%2Fwp%2Fv2%2Ftags&post=19323"}],"curies":[{"name":"wp","href":"https:\/\/api.w.org\/{rel}","templated":true}]}}