{"id":19326,"date":"2021-10-13T13:59:21","date_gmt":"2021-10-13T18:59:21","guid":{"rendered":"https:\/\/encuentroinformativo.com.mx\/?p=19326"},"modified":"2021-10-13T13:59:25","modified_gmt":"2021-10-13T18:59:25","slug":"veracruz-con-recursos-para-mejorar-presupuesto-senala-alcalde","status":"publish","type":"post","link":"https:\/\/encuentroinformativo.com.mx\/?p=19326","title":{"rendered":"Veracruz con recursos para mejorar presupuesto, se\u00f1ala alcalde"},"content":{"rendered":"\n<p><strong>Alejandro \u00c1vila<\/strong><\/p>\n\n\n\n<p>Veracruz, Ver.- El presupuesto para Veracruz debe de manejarse de manera eficiente, se\u00f1al\u00f3 el alcalde de Veracruz, Fernando Yunes M\u00e1rquez.<\/p>\n\n\n\n<p>Este martes el gobernador, Cuitl\u00e1huac Garc\u00eda Jim\u00e9nez, mencion\u00f3 que dependencias, alcaldes y el Congreso, buscan tener mayor presupuesto para el 2022, a lo que contest\u00f3 deben &#8220;ajustarse&#8221; pues no hay dinero.<\/p>\n\n\n\n<p>El edil panista dijo que dinero s\u00ed hay, y prueba de ello fue el gasto exhorbitante que se hizo en el estadio de b\u00e9isbol de Boca del R\u00edo, mismo que pudo utilizarse en mejorar las condiciones urbanas en municipios serranos.<\/p>\n\n\n\n<p>&#8220;Yo creo que al contrario, creo que tienen que apoyar a los siguientes Ayuntamientos, que adem\u00e1s apenas empiezan el primer a\u00f1o con un buen presupuesto que les permite salir adelante. En muchos casos van a quedar deudas, van a quedar problemas, no es el nuestro, nosotros vamos a dejar la administraci\u00f3n cien por ciento saneada&#8221;, destac\u00f3.<\/p>\n\n\n\n<p>Yunes M\u00e1rquez se\u00f1al\u00f3 que solo el 2020 tuvieron una reducci\u00f3n en el presupuesto que les destina Gobierno Federal y Estatal, aunque reconoci\u00f3 que esto era obvio debido a la pandemia de COVID &#8211; 19.<\/p>\n","protected":false},"excerpt":{"rendered":"<p>Alejandro \u00c1vila Veracruz, Ver.- El presupuesto para Veracruz debe de manejarse de manera eficiente, se\u00f1al\u00f3 el alcalde de Veracruz, Fernando Yunes M\u00e1rquez. Este martes el gobernador, Cuitl\u00e1huac Garc\u00eda Jim\u00e9nez, mencion\u00f3 que dependencias, alcaldes y el Congreso, buscan tener mayor presupuesto para el 2022, a lo que contest\u00f3 deben &#8220;ajustarse&#8221; pues no hay dinero. El edil [&hellip;]<\/p>\n","protected":false},"author":1,"featured_media":19327,"comment_status":"open","ping_status":"open","sticky":false,"template":"","format":"standard","meta":{"_jetpack_memberships_contains_paid_content":false,"footnotes":""},"categories":[2],"tags":[],"class_list":["post-19326","post","type-post","status-publish","format-standard","has-post-thumbnail","hentry","category-estado"],"jetpack_featured_media_url":"https:\/\/encuentroinformativo.com.mx\/wp-content\/uploads\/2021\/10\/0E19F065-1738-4A85-BED8-E683A4F7F0B0.jpeg","jetpack_sharing_enabled":true,"jetpack_likes_enabled":true,"amp_enabled":true,"_links":{"self":[{"href":"https:\/\/encuentroinformativo.com.mx\/index.php?rest_route=\/wp\/v2\/posts\/19326","targetHints":{"allow":["GET"]}}],"collection":[{"href":"https:\/\/encuentroinformativo.com.mx\/index.php?rest_route=\/wp\/v2\/posts"}],"about":[{"href":"https:\/\/encuentroinformativo.com.mx\/index.php?rest_route=\/wp\/v2\/types\/post"}],"author":[{"embeddable":true,"href":"https:\/\/encuentroinformativo.com.mx\/index.php?rest_route=\/wp\/v2\/users\/1"}],"replies":[{"embeddable":true,"href":"https:\/\/encuentroinformativo.com.mx\/index.php?rest_route=%2Fwp%2Fv2%2Fcomments&post=19326"}],"version-history":[{"count":1,"href":"https:\/\/encuentroinformativo.com.mx\/index.php?rest_route=\/wp\/v2\/posts\/19326\/revisions"}],"predecessor-version":[{"id":19328,"href":"https:\/\/encuentroinformativo.com.mx\/index.php?rest_route=\/wp\/v2\/posts\/19326\/revisions\/19328"}],"wp:featuredmedia":[{"embeddable":true,"href":"https:\/\/encuentroinformativo.com.mx\/index.php?rest_route=\/wp\/v2\/media\/19327"}],"wp:attachment":[{"href":"https:\/\/encuentroinformativo.com.mx\/index.php?rest_route=%2Fwp%2Fv2%2Fmedia&parent=19326"}],"wp:term":[{"taxonomy":"category","embeddable":true,"href":"https:\/\/encuentroinformativo.com.mx\/index.php?rest_route=%2Fwp%2Fv2%2Fcategories&post=19326"},{"taxonomy":"post_tag","embeddable":true,"href":"https:\/\/encuentroinformativo.com.mx\/index.php?rest_route=%2Fwp%2Fv2%2Ftags&post=19326"}],"curies":[{"name":"wp","href":"https:\/\/api.w.org\/{rel}","templated":true}]}}