{"id":19335,"date":"2021-10-13T15:54:53","date_gmt":"2021-10-13T20:54:53","guid":{"rendered":"https:\/\/encuentroinformativo.com.mx\/?p=19335"},"modified":"2021-10-13T15:54:56","modified_gmt":"2021-10-13T20:54:56","slug":"en-veremos-tren-ligero-para-xalapa","status":"publish","type":"post","link":"https:\/\/encuentroinformativo.com.mx\/?p=19335","title":{"rendered":"En \u201cveremos\u201d tren ligero para Xalapa"},"content":{"rendered":"\n<p><strong>Dar\u00edo Pale<\/strong><\/p>\n\n\n\n<p>Xalapa, Ver.- El presidente de M\u00e9xico Andr\u00e9s Manuel L\u00f3pez Obrador dio a conocer que &#8220;vamos a esperar&#8221; respecto al proyecto del tren ligero para Xalapa, en la conferencia ma\u00f1anera.<\/p>\n\n\n\n<p>El mandatario federal dijo que no quieren iniciar ning\u00fan proyecto que no se vaya a terminar dentro del per\u00edodo de gobierno.<\/p>\n\n\n\n<p>&#8220;Vamos a esperar, vamos a esperar, es que no queremos iniciar nada que no se vaya a terminar, es decir, que dejemos inconcluso, no tenemos el proyecto ejecutivo, nos va a llevar un tiempo, estamos viendo esto con Cuitl\u00e1huac para ver si podemos tener el proyecto&#8221;, se\u00f1al\u00f3.<\/p>\n\n\n\n<p>Dio a conocer que deben analizar si se cuenta pronto con el proyecto y si dar\u00eda tiempo en todo caso de terminarlo en el per\u00edodo de la presente administraci\u00f3n, eso se debe a que hace unos d\u00edas el \u00a0Gobernador admiti\u00f3 que ser\u00e1 muy dif\u00edcil concretar el proyecto del Tren Ligero en Xalapa por los recursos econ\u00f3micos asignados desde la Federaci\u00f3n.<\/p>\n\n\n\n<p>Dijo que la obra tendr\u00eda que terminarse antes de que concluya el sexenio de Andr\u00e9s Manuel L\u00f3pez Obrador, y para ello se requiere m\u00e1s de tres mil 500 millones de pesos.<\/p>\n\n\n\n<p>Por \u00faltimo cabe se\u00f1alar que para lograr un proyecto de esa magnitud se requerir\u00eda la inversi\u00f3n de los tres niveles de gobierno, pero la situaci\u00f3n econ\u00f3mica no les permitir\u00e1 hacerlo.<\/p>\n","protected":false},"excerpt":{"rendered":"<p>Dar\u00edo Pale Xalapa, Ver.- El presidente de M\u00e9xico Andr\u00e9s Manuel L\u00f3pez Obrador dio a conocer que &#8220;vamos a esperar&#8221; respecto al proyecto del tren ligero para Xalapa, en la conferencia ma\u00f1anera. El mandatario federal dijo que no quieren iniciar ning\u00fan proyecto que no se vaya a terminar dentro del per\u00edodo de gobierno. &#8220;Vamos a esperar, [&hellip;]<\/p>\n","protected":false},"author":1,"featured_media":19336,"comment_status":"open","ping_status":"open","sticky":false,"template":"","format":"standard","meta":{"_jetpack_memberships_contains_paid_content":false,"footnotes":""},"categories":[3],"tags":[],"class_list":["post-19335","post","type-post","status-publish","format-standard","has-post-thumbnail","hentry","category-xalapa"],"jetpack_featured_media_url":"https:\/\/encuentroinformativo.com.mx\/wp-content\/uploads\/2021\/10\/1723978C-6BEF-4EC0-8A5C-ED93CF652B47.jpeg","jetpack_sharing_enabled":true,"jetpack_likes_enabled":true,"amp_enabled":true,"_links":{"self":[{"href":"https:\/\/encuentroinformativo.com.mx\/index.php?rest_route=\/wp\/v2\/posts\/19335","targetHints":{"allow":["GET"]}}],"collection":[{"href":"https:\/\/encuentroinformativo.com.mx\/index.php?rest_route=\/wp\/v2\/posts"}],"about":[{"href":"https:\/\/encuentroinformativo.com.mx\/index.php?rest_route=\/wp\/v2\/types\/post"}],"author":[{"embeddable":true,"href":"https:\/\/encuentroinformativo.com.mx\/index.php?rest_route=\/wp\/v2\/users\/1"}],"replies":[{"embeddable":true,"href":"https:\/\/encuentroinformativo.com.mx\/index.php?rest_route=%2Fwp%2Fv2%2Fcomments&post=19335"}],"version-history":[{"count":1,"href":"https:\/\/encuentroinformativo.com.mx\/index.php?rest_route=\/wp\/v2\/posts\/19335\/revisions"}],"predecessor-version":[{"id":19337,"href":"https:\/\/encuentroinformativo.com.mx\/index.php?rest_route=\/wp\/v2\/posts\/19335\/revisions\/19337"}],"wp:featuredmedia":[{"embeddable":true,"href":"https:\/\/encuentroinformativo.com.mx\/index.php?rest_route=\/wp\/v2\/media\/19336"}],"wp:attachment":[{"href":"https:\/\/encuentroinformativo.com.mx\/index.php?rest_route=%2Fwp%2Fv2%2Fmedia&parent=19335"}],"wp:term":[{"taxonomy":"category","embeddable":true,"href":"https:\/\/encuentroinformativo.com.mx\/index.php?rest_route=%2Fwp%2Fv2%2Fcategories&post=19335"},{"taxonomy":"post_tag","embeddable":true,"href":"https:\/\/encuentroinformativo.com.mx\/index.php?rest_route=%2Fwp%2Fv2%2Ftags&post=19335"}],"curies":[{"name":"wp","href":"https:\/\/api.w.org\/{rel}","templated":true}]}}