{"id":19341,"date":"2021-10-13T16:34:20","date_gmt":"2021-10-13T21:34:20","guid":{"rendered":"https:\/\/encuentroinformativo.com.mx\/?p=19341"},"modified":"2021-10-13T16:34:39","modified_gmt":"2021-10-13T21:34:39","slug":"repunta-inseguridad-en-zona-sur-de-xalapa","status":"publish","type":"post","link":"https:\/\/encuentroinformativo.com.mx\/?p=19341","title":{"rendered":"Repunta inseguridad en zona sur de Xalapa"},"content":{"rendered":"\n<p><strong>Juan Arcos <\/strong><\/p>\n\n\n\n<p>Xalapa, Ver.- Pobladores de la Reserva Territorial de Xalapa temen por su seguridad y salen poco de sus viviendas para evitar ser v\u00edctimas de asaltos a mano armada, mismos que han repuntado durante las \u00faltimas semanas.<\/p>\n\n\n\n<p>Los vecinos de la colonia Moctezuma, ubicada en la zona sur de la capital de Veracruz, confirmaron que la inseguridad ha sido m\u00e1s notoria durante este a\u00f1o, en comparaci\u00f3n con los anteriores.<\/p>\n\n\n\n<p>De acuerdo con la pobladora Nayeli Campos, hace 15 d\u00edas un universitario fue asaltado por cuatro sujetos, quienes lo despojaron de su mochila, cartera y tel\u00e9fono celular.<\/p>\n\n\n\n<p>Los hechos ocurrieron alrededor de las seis de la tarde, sobre la esquina de las calles Xallatl\u00e1n y Xallitic, a un costado de un \u00e1rea verde descuidada donde se observan juegos infantiles entre la maleza y la hierba crecida.<\/p>\n\n\n\n<p>\u201cAnteriormente tambi\u00e9n hubo robos a mano armada con pistola, les pegaban a los j\u00f3venes que iban pasando, les quitaban la mochila, los celulares, las carteras, las computadoras port\u00e1tiles. Los dejaban sin mochila\u201d, expres\u00f3.<\/p>\n\n\n\n<p>Hace unos meses, tambi\u00e9n fueron saqueadas varias casas y dem\u00e1s fueron robados todos los medidores de agua sobre la calle Xallitic.<\/p>\n\n\n\n<p>Las personas denunciaron que cuando se registra un incidente, inmediatamente lo reportan al n\u00famero de emergencia 911; sin embargo, la polic\u00eda estatal tarda en llegar al sitio hasta dos o tres horas.<\/p>\n","protected":false},"excerpt":{"rendered":"<p>Juan Arcos Xalapa, Ver.- Pobladores de la Reserva Territorial de Xalapa temen por su seguridad y salen poco de sus viviendas para evitar ser v\u00edctimas de asaltos a mano armada, mismos que han repuntado durante las \u00faltimas semanas. Los vecinos de la colonia Moctezuma, ubicada en la zona sur de la capital de Veracruz, confirmaron [&hellip;]<\/p>\n","protected":false},"author":1,"featured_media":19342,"comment_status":"open","ping_status":"open","sticky":false,"template":"","format":"standard","meta":{"_jetpack_memberships_contains_paid_content":false,"footnotes":""},"categories":[3],"tags":[],"class_list":["post-19341","post","type-post","status-publish","format-standard","has-post-thumbnail","hentry","category-xalapa"],"jetpack_featured_media_url":"https:\/\/encuentroinformativo.com.mx\/wp-content\/uploads\/2021\/10\/AD9CF3D6-F50C-48F8-8A39-8765CFCD9F4C.jpeg","jetpack_sharing_enabled":true,"jetpack_likes_enabled":true,"amp_enabled":true,"_links":{"self":[{"href":"https:\/\/encuentroinformativo.com.mx\/index.php?rest_route=\/wp\/v2\/posts\/19341","targetHints":{"allow":["GET"]}}],"collection":[{"href":"https:\/\/encuentroinformativo.com.mx\/index.php?rest_route=\/wp\/v2\/posts"}],"about":[{"href":"https:\/\/encuentroinformativo.com.mx\/index.php?rest_route=\/wp\/v2\/types\/post"}],"author":[{"embeddable":true,"href":"https:\/\/encuentroinformativo.com.mx\/index.php?rest_route=\/wp\/v2\/users\/1"}],"replies":[{"embeddable":true,"href":"https:\/\/encuentroinformativo.com.mx\/index.php?rest_route=%2Fwp%2Fv2%2Fcomments&post=19341"}],"version-history":[{"count":1,"href":"https:\/\/encuentroinformativo.com.mx\/index.php?rest_route=\/wp\/v2\/posts\/19341\/revisions"}],"predecessor-version":[{"id":19343,"href":"https:\/\/encuentroinformativo.com.mx\/index.php?rest_route=\/wp\/v2\/posts\/19341\/revisions\/19343"}],"wp:featuredmedia":[{"embeddable":true,"href":"https:\/\/encuentroinformativo.com.mx\/index.php?rest_route=\/wp\/v2\/media\/19342"}],"wp:attachment":[{"href":"https:\/\/encuentroinformativo.com.mx\/index.php?rest_route=%2Fwp%2Fv2%2Fmedia&parent=19341"}],"wp:term":[{"taxonomy":"category","embeddable":true,"href":"https:\/\/encuentroinformativo.com.mx\/index.php?rest_route=%2Fwp%2Fv2%2Fcategories&post=19341"},{"taxonomy":"post_tag","embeddable":true,"href":"https:\/\/encuentroinformativo.com.mx\/index.php?rest_route=%2Fwp%2Fv2%2Ftags&post=19341"}],"curies":[{"name":"wp","href":"https:\/\/api.w.org\/{rel}","templated":true}]}}