{"id":19351,"date":"2021-10-14T10:08:09","date_gmt":"2021-10-14T15:08:09","guid":{"rendered":"https:\/\/encuentroinformativo.com.mx\/?p=19351"},"modified":"2021-10-14T10:08:12","modified_gmt":"2021-10-14T15:08:12","slug":"padre-reclama-justicia-su-hijo-murio-atropellado","status":"publish","type":"post","link":"https:\/\/encuentroinformativo.com.mx\/?p=19351","title":{"rendered":"\u00a1Padre reclama justicia!, su hijo muri\u00f3 atropellado"},"content":{"rendered":"\n<p><strong>Juan Arcos<\/strong><\/p>\n\n\n\n<p>Xalapa, Ver.- Alfonso Trujillo Mendoza pidi\u00f3 justicia al gobernador Cuitl\u00e1huac Garc\u00eda Jim\u00e9nez y al presidente Andr\u00e9s Manuel L\u00f3pez Obrador, debido a que su hijo muri\u00f3 tras ser atropellado por un cami\u00f3n sobre la carretera Xalapa-Veracruz, a la altura de <em>Plaza Xanat<\/em>.<\/p>\n\n\n\n<p>El se\u00f1or aparece en un video, desesperado, solicitando el apoyo de las autoridades estatales y federales, toda vez que han pasado m\u00e1s de cinco meses y el caso sigue impune.<\/p>\n\n\n\n<p>Carlos Trujillo Ortiz fue arrollado por un cami\u00f3n de la marca Scania de Omnibus de Alba S. A. de C. V., con n\u00famero econ\u00f3mico 1018 y placas de circulaci\u00f3n 53RB2Y, frente a la plaza mencionada, el pasado 30 de abril.<\/p>\n\n\n\n<p>Sin embargo, la Fiscal\u00eda General del Estado (FGE) no agiliza las investigaciones, incluso, acusan de d\u00e9spota al fiscal n\u00famero uno, Gerardo Rafael Aguilar Sosa, quien lleva la carpeta de investigaci\u00f3n 2435\/2021.<\/p>\n\n\n\n<p>Tambi\u00e9n se se\u00f1ala a dicha persona de haber incurrido en presuntos actos de corrupci\u00f3n para beneficiar a la aseguradora, toda vez que no ha enviado la documentaci\u00f3n a Servicios Periciales para el peritaje correspondiente.<\/p>\n\n\n\n<p>Hasta el momento, la aseguradora Qu\u00e1litas no se ha hecho responsable de cubrir los gastos tras la tragedia.<\/p>\n\n\n\n<p>\u201cSe\u00f1or Gobernador por segunda vez pido justicia por la muerte de mi hijo. Pido que se haga justicia porque no me han hecho caso. Pido justicia tambi\u00e9n al presidente Andr\u00e9s Manuel L\u00f3pez Obrador porque no es justo que esto se quede as\u00ed\u201d, expres\u00f3 el padre de familia.<\/p>\n\n\n\n<p>El se\u00f1or se acerc\u00f3 nuevamente a la Asociaci\u00f3n Estatal de Padres de Familia, que encabeza Esteban Rodr\u00edguez, para solicitar apoyo en busca del esclarecimiento del caso.<\/p>\n","protected":false},"excerpt":{"rendered":"<p>Juan Arcos Xalapa, Ver.- Alfonso Trujillo Mendoza pidi\u00f3 justicia al gobernador Cuitl\u00e1huac Garc\u00eda Jim\u00e9nez y al presidente Andr\u00e9s Manuel L\u00f3pez Obrador, debido a que su hijo muri\u00f3 tras ser atropellado por un cami\u00f3n sobre la carretera Xalapa-Veracruz, a la altura de Plaza Xanat. El se\u00f1or aparece en un video, desesperado, solicitando el apoyo de las [&hellip;]<\/p>\n","protected":false},"author":1,"featured_media":19352,"comment_status":"open","ping_status":"open","sticky":false,"template":"","format":"standard","meta":{"_jetpack_memberships_contains_paid_content":false,"footnotes":""},"categories":[3],"tags":[],"class_list":["post-19351","post","type-post","status-publish","format-standard","has-post-thumbnail","hentry","category-xalapa"],"jetpack_featured_media_url":"https:\/\/encuentroinformativo.com.mx\/wp-content\/uploads\/2021\/10\/3C9AB2B7-61D0-4B1A-B11D-EA1B37BBED6D.jpeg","jetpack_sharing_enabled":true,"jetpack_likes_enabled":true,"amp_enabled":true,"_links":{"self":[{"href":"https:\/\/encuentroinformativo.com.mx\/index.php?rest_route=\/wp\/v2\/posts\/19351","targetHints":{"allow":["GET"]}}],"collection":[{"href":"https:\/\/encuentroinformativo.com.mx\/index.php?rest_route=\/wp\/v2\/posts"}],"about":[{"href":"https:\/\/encuentroinformativo.com.mx\/index.php?rest_route=\/wp\/v2\/types\/post"}],"author":[{"embeddable":true,"href":"https:\/\/encuentroinformativo.com.mx\/index.php?rest_route=\/wp\/v2\/users\/1"}],"replies":[{"embeddable":true,"href":"https:\/\/encuentroinformativo.com.mx\/index.php?rest_route=%2Fwp%2Fv2%2Fcomments&post=19351"}],"version-history":[{"count":1,"href":"https:\/\/encuentroinformativo.com.mx\/index.php?rest_route=\/wp\/v2\/posts\/19351\/revisions"}],"predecessor-version":[{"id":19353,"href":"https:\/\/encuentroinformativo.com.mx\/index.php?rest_route=\/wp\/v2\/posts\/19351\/revisions\/19353"}],"wp:featuredmedia":[{"embeddable":true,"href":"https:\/\/encuentroinformativo.com.mx\/index.php?rest_route=\/wp\/v2\/media\/19352"}],"wp:attachment":[{"href":"https:\/\/encuentroinformativo.com.mx\/index.php?rest_route=%2Fwp%2Fv2%2Fmedia&parent=19351"}],"wp:term":[{"taxonomy":"category","embeddable":true,"href":"https:\/\/encuentroinformativo.com.mx\/index.php?rest_route=%2Fwp%2Fv2%2Fcategories&post=19351"},{"taxonomy":"post_tag","embeddable":true,"href":"https:\/\/encuentroinformativo.com.mx\/index.php?rest_route=%2Fwp%2Fv2%2Ftags&post=19351"}],"curies":[{"name":"wp","href":"https:\/\/api.w.org\/{rel}","templated":true}]}}