{"id":19354,"date":"2021-10-14T13:18:13","date_gmt":"2021-10-14T18:18:13","guid":{"rendered":"https:\/\/encuentroinformativo.com.mx\/?p=19354"},"modified":"2021-10-14T13:18:17","modified_gmt":"2021-10-14T18:18:17","slug":"demandan-rehabilitacion-de-primaria-en-colonia-porvenir","status":"publish","type":"post","link":"https:\/\/encuentroinformativo.com.mx\/?p=19354","title":{"rendered":"Demandan rehabilitaci\u00f3n de primaria en colonia Porvenir"},"content":{"rendered":"\n<p><strong>Juan Arcos<\/strong><\/p>\n\n\n\n<p>Xalapa, Ver.- Madres y padres de familia de la escuela primaria \u201cLeonardo Pasquel\u201d, ubicada en Xalapa, protestaron frente a Palacio de Gobierno para exigir la rehabilitaci\u00f3n del plantel, mismo que se encuentra deteriorado y en p\u00e9simas condiciones.<\/p>\n\n\n\n<p>Los quejosos indicaron que el est\u00e1 en la colonia Porvenir 2 de esta ciudad y presenta diversas afectaciones en la infraestructura, situaci\u00f3n que representa un riesgo para la comunidad escolar.<\/p>\n\n\n\n<p>De acuerdo con la directora de la instituci\u00f3n, Isabel Perdomo Cruz, un total de 113 estudiantes est\u00e1n en peligro por la falta de mantenimiento de los espacios educativos.<br>La entrevistada mencion\u00f3 que los alumnos deber\u00e1n regresar a clases presenciales; sin embargo, hasta este momento, no hay condiciones en el plantel.<\/p>\n\n\n\n<p>\u201cQueremos una escuela digna para nuestros hijos\u201d, \u201cnuestra escuela est\u00e1 en muy malas condiciones\u201d, \u201cas\u00ed no podemos volver a clases presenciales\u201d y \u201cvolteen a ver la escuela primaria Leonardo Pasquel\u201d, se lee en sus pancartas.<\/p>\n\n\n\n<p>Las mam\u00e1s y pap\u00e1s tambi\u00e9n mostraron fotograf\u00edas de las afectaciones en la escuela por los deslaves que ocasionaron las lluvias registradas en la ciudad, tras el paso del hurac\u00e1n \u201cGrace\u201d, el pasado 21 de agosto.<\/p>\n\n\n\n<p>Tambi\u00e9n mencionaron que se requiere la construcci\u00f3n de un muro de contenci\u00f3n para evitar afectaciones mayores en el plantel, en caso de que contin\u00faan las lluvias en la capital del estado.<\/p>\n\n\n\n<p>\u201cNos es imposible un seguro regreso a clases presenciales. Hay deslave por lluvias, separaci\u00f3n de banquetas de dos aulas, lo cual es un riesgo inminente para los ni\u00f1os\u201d, enfatiz\u00f3 Perdomo Cruz.<\/p>\n\n\n\n<p>La Directora de la escuela \u201cLeonardo Pasquel\u201d record\u00f3 que Protecci\u00f3n Civil ha emitido tres dict\u00e1menes desde 2019, en los que determin\u00f3 que hay peligro para la comunidad estudiantil; sin embargo, a la fecha, no se han llevado a cabo los trabajos para su rehabilitaci\u00f3n.<\/p>\n\n\n\n<figure class=\"wp-block-image size-large\"><img loading=\"lazy\" decoding=\"async\" width=\"1024\" height=\"768\" src=\"https:\/\/encuentroinformativo.com.mx\/wp-content\/uploads\/2021\/10\/87D6FCE8-D723-4AAD-A3DD-B27A4F16481B-1024x768.jpeg\" alt=\"\" class=\"wp-image-19356\" srcset=\"https:\/\/encuentroinformativo.com.mx\/wp-content\/uploads\/2021\/10\/87D6FCE8-D723-4AAD-A3DD-B27A4F16481B-1024x768.jpeg 1024w, https:\/\/encuentroinformativo.com.mx\/wp-content\/uploads\/2021\/10\/87D6FCE8-D723-4AAD-A3DD-B27A4F16481B-300x225.jpeg 300w, https:\/\/encuentroinformativo.com.mx\/wp-content\/uploads\/2021\/10\/87D6FCE8-D723-4AAD-A3DD-B27A4F16481B-768x576.jpeg 768w, https:\/\/encuentroinformativo.com.mx\/wp-content\/uploads\/2021\/10\/87D6FCE8-D723-4AAD-A3DD-B27A4F16481B-1536x1152.jpeg 1536w, https:\/\/encuentroinformativo.com.mx\/wp-content\/uploads\/2021\/10\/87D6FCE8-D723-4AAD-A3DD-B27A4F16481B.jpeg 2016w\" sizes=\"auto, (max-width: 1024px) 100vw, 1024px\" \/><\/figure>\n","protected":false},"excerpt":{"rendered":"<p>Juan Arcos Xalapa, Ver.- Madres y padres de familia de la escuela primaria \u201cLeonardo Pasquel\u201d, ubicada en Xalapa, protestaron frente a Palacio de Gobierno para exigir la rehabilitaci\u00f3n del plantel, mismo que se encuentra deteriorado y en p\u00e9simas condiciones. Los quejosos indicaron que el est\u00e1 en la colonia Porvenir 2 de esta ciudad y presenta [&hellip;]<\/p>\n","protected":false},"author":1,"featured_media":19355,"comment_status":"open","ping_status":"open","sticky":false,"template":"","format":"standard","meta":{"_jetpack_memberships_contains_paid_content":false,"footnotes":""},"categories":[3],"tags":[],"class_list":["post-19354","post","type-post","status-publish","format-standard","has-post-thumbnail","hentry","category-xalapa"],"jetpack_featured_media_url":"https:\/\/encuentroinformativo.com.mx\/wp-content\/uploads\/2021\/10\/D73F1F01-46D9-4C7D-B309-F88EE1FE153D.jpeg","jetpack_sharing_enabled":true,"jetpack_likes_enabled":true,"amp_enabled":true,"_links":{"self":[{"href":"https:\/\/encuentroinformativo.com.mx\/index.php?rest_route=\/wp\/v2\/posts\/19354","targetHints":{"allow":["GET"]}}],"collection":[{"href":"https:\/\/encuentroinformativo.com.mx\/index.php?rest_route=\/wp\/v2\/posts"}],"about":[{"href":"https:\/\/encuentroinformativo.com.mx\/index.php?rest_route=\/wp\/v2\/types\/post"}],"author":[{"embeddable":true,"href":"https:\/\/encuentroinformativo.com.mx\/index.php?rest_route=\/wp\/v2\/users\/1"}],"replies":[{"embeddable":true,"href":"https:\/\/encuentroinformativo.com.mx\/index.php?rest_route=%2Fwp%2Fv2%2Fcomments&post=19354"}],"version-history":[{"count":1,"href":"https:\/\/encuentroinformativo.com.mx\/index.php?rest_route=\/wp\/v2\/posts\/19354\/revisions"}],"predecessor-version":[{"id":19357,"href":"https:\/\/encuentroinformativo.com.mx\/index.php?rest_route=\/wp\/v2\/posts\/19354\/revisions\/19357"}],"wp:featuredmedia":[{"embeddable":true,"href":"https:\/\/encuentroinformativo.com.mx\/index.php?rest_route=\/wp\/v2\/media\/19355"}],"wp:attachment":[{"href":"https:\/\/encuentroinformativo.com.mx\/index.php?rest_route=%2Fwp%2Fv2%2Fmedia&parent=19354"}],"wp:term":[{"taxonomy":"category","embeddable":true,"href":"https:\/\/encuentroinformativo.com.mx\/index.php?rest_route=%2Fwp%2Fv2%2Fcategories&post=19354"},{"taxonomy":"post_tag","embeddable":true,"href":"https:\/\/encuentroinformativo.com.mx\/index.php?rest_route=%2Fwp%2Fv2%2Ftags&post=19354"}],"curies":[{"name":"wp","href":"https:\/\/api.w.org\/{rel}","templated":true}]}}