{"id":19378,"date":"2021-10-14T16:27:04","date_gmt":"2021-10-14T21:27:04","guid":{"rendered":"https:\/\/encuentroinformativo.com.mx\/?p=19378"},"modified":"2021-10-14T16:27:08","modified_gmt":"2021-10-14T21:27:08","slug":"altos-indices-de-sequia-en-municipios-veracruzanos","status":"publish","type":"post","link":"https:\/\/encuentroinformativo.com.mx\/?p=19378","title":{"rendered":"Altos \u00edndices de sequ\u00eda en municipios veracruzanos"},"content":{"rendered":"\n<p><strong>Juan Arcos<\/strong><\/p>\n\n\n\n<p>Xalapa, Ver.- El estado de Veracruz reporta que el 46.4 por ciento de su territorio se encuentra anormalmente seco y, con ello, se coloca en el segundo lugar nacional por esa condici\u00f3n, despu\u00e9s de Oaxaca.<\/p>\n\n\n\n<p>El Monitor de Sequ\u00eda de M\u00e9xico muestra que 88 de los 212 municipios de esta entidad est\u00e1n anormalmente secos por d\u00e9ficit de lluvia.<\/p>\n\n\n\n<p>Un total de 18 municipios se localizan en la cuenca del R\u00edo P\u00e1nuco, 39 entre la cuenca del r\u00edo Tuxpan y Jamapa, 20 m\u00e1s en la cuenca del Papaloapan y 11 m\u00e1s en la cuenca de Coatzacoalcos.<\/p>\n\n\n\n<p>Algunos de ellos son Uxpanapa, Las Choapas, Hidalgotitl\u00e1n y Minatitl\u00e1n, mismos que se encuentran en la zona sur de la entidad.<\/p>\n\n\n\n<p>Las cifras de la Comisi\u00f3n Nacional del Agua (Conagua) y la Secretar\u00eda de Medio Ambiente y Recursos Naturales (Semarnat) revelan que 111 municipios de Oaxaca presentan dicho problema, as\u00ed como tambi\u00e9n, 43 en Nuevo Le\u00f3n, 38 en Guerrero, 34 en Choapas y 23 en San Luis Potos\u00ed.<\/p>\n\n\n\n<p>Del 16 al el 30 de septiembre de este a\u00f1o, se observaron lluvias por arriba del promedio en la regi\u00f3n fronteriza norte, la mesa central, el occidente y el centro del pa\u00eds, as\u00ed como en zonas puntuales del noroeste, el sur y la Pen\u00ednsula de Yucat\u00e1n.<\/p>\n\n\n\n<p>Por el contrario, las regiones que recibieron menor lluvia que el promedio fueron la Pen\u00ednsula de Baja California, el noreste, las costas del Pac\u00edfico Sur, la vertiente del Golfo de M\u00e9xico, el sureste y la mayor parte de la Pen\u00ednsula de Yucat\u00e1n, as\u00ed como el estado de Durango.<\/p>\n\n\n\n<p>A nivel nacional se reportan 500 municipios anormalmente secos, 47 con sequ\u00eda moderada, 19 con sequ\u00eda severa y dos con sequ\u00eda extrema.<\/p>\n\n\n\n<p>Cabe recordar que en enero del a\u00f1o pasado se reportaron 119 municipios veracruzanos con alg\u00fan grado de sequ\u00eda.<\/p>\n\n\n\n<p>La meteor\u00f3loga del Organismo de Cuenca Golfo Centro de la Comisi\u00f3n Nacional del Agua (Conagua), Jessica Iveth Luna Lagunes, detall\u00f3 que en esa ocasi\u00f3n 68 presentaban sequ\u00eda moderada, 35 severa y 16 sequ\u00eda extrema.<\/p>\n","protected":false},"excerpt":{"rendered":"<p>Juan Arcos Xalapa, Ver.- El estado de Veracruz reporta que el 46.4 por ciento de su territorio se encuentra anormalmente seco y, con ello, se coloca en el segundo lugar nacional por esa condici\u00f3n, despu\u00e9s de Oaxaca. El Monitor de Sequ\u00eda de M\u00e9xico muestra que 88 de los 212 municipios de esta entidad est\u00e1n anormalmente [&hellip;]<\/p>\n","protected":false},"author":1,"featured_media":19379,"comment_status":"open","ping_status":"open","sticky":false,"template":"","format":"standard","meta":{"_jetpack_memberships_contains_paid_content":false,"footnotes":""},"categories":[2],"tags":[],"class_list":["post-19378","post","type-post","status-publish","format-standard","has-post-thumbnail","hentry","category-estado"],"jetpack_featured_media_url":"https:\/\/encuentroinformativo.com.mx\/wp-content\/uploads\/2021\/10\/E9FEF1A1-CD5A-4893-AA6E-ABC98A108FE4.jpeg","jetpack_sharing_enabled":true,"jetpack_likes_enabled":true,"amp_enabled":true,"_links":{"self":[{"href":"https:\/\/encuentroinformativo.com.mx\/index.php?rest_route=\/wp\/v2\/posts\/19378","targetHints":{"allow":["GET"]}}],"collection":[{"href":"https:\/\/encuentroinformativo.com.mx\/index.php?rest_route=\/wp\/v2\/posts"}],"about":[{"href":"https:\/\/encuentroinformativo.com.mx\/index.php?rest_route=\/wp\/v2\/types\/post"}],"author":[{"embeddable":true,"href":"https:\/\/encuentroinformativo.com.mx\/index.php?rest_route=\/wp\/v2\/users\/1"}],"replies":[{"embeddable":true,"href":"https:\/\/encuentroinformativo.com.mx\/index.php?rest_route=%2Fwp%2Fv2%2Fcomments&post=19378"}],"version-history":[{"count":1,"href":"https:\/\/encuentroinformativo.com.mx\/index.php?rest_route=\/wp\/v2\/posts\/19378\/revisions"}],"predecessor-version":[{"id":19380,"href":"https:\/\/encuentroinformativo.com.mx\/index.php?rest_route=\/wp\/v2\/posts\/19378\/revisions\/19380"}],"wp:featuredmedia":[{"embeddable":true,"href":"https:\/\/encuentroinformativo.com.mx\/index.php?rest_route=\/wp\/v2\/media\/19379"}],"wp:attachment":[{"href":"https:\/\/encuentroinformativo.com.mx\/index.php?rest_route=%2Fwp%2Fv2%2Fmedia&parent=19378"}],"wp:term":[{"taxonomy":"category","embeddable":true,"href":"https:\/\/encuentroinformativo.com.mx\/index.php?rest_route=%2Fwp%2Fv2%2Fcategories&post=19378"},{"taxonomy":"post_tag","embeddable":true,"href":"https:\/\/encuentroinformativo.com.mx\/index.php?rest_route=%2Fwp%2Fv2%2Ftags&post=19378"}],"curies":[{"name":"wp","href":"https:\/\/api.w.org\/{rel}","templated":true}]}}