{"id":19390,"date":"2021-10-15T12:16:58","date_gmt":"2021-10-15T17:16:58","guid":{"rendered":"https:\/\/encuentroinformativo.com.mx\/?p=19390"},"modified":"2021-10-15T12:17:01","modified_gmt":"2021-10-15T17:17:01","slug":"confia-fundacion-uv-en-mantener-sistema-de-becas","status":"publish","type":"post","link":"https:\/\/encuentroinformativo.com.mx\/?p=19390","title":{"rendered":"Conf\u00eda Fundaci\u00f3n UV en mantener sistema de becas"},"content":{"rendered":"\n<p><strong>Dar\u00edo Pale <\/strong><\/p>\n\n\n\n<p>Xalapa, Ver.- El director general de fundaci\u00f3n de la Universidad Veracruzana (UV) Facundo Pacheco Rojas, dio a conocer que esperan mantener el sistema de becas y ser donataria de la m\u00e1xima casa de estudios ya que necesita m\u00e1s recursos para apoyar a m\u00e1s estudiantes y programas.<\/p>\n\n\n\n<p>En conferencia de prensa realizada en conocido caf\u00e9 del centro de Xalapa se\u00f1al\u00f3 que, que ya tuvieron un acercamiento con el rector de la UV y con las dos secretarias hace un mes donde presentaron tres o cuatro l\u00edneas de trabajo que pudieran \u00a0fortalecer.<\/p>\n\n\n\n<p>Una de ellas es mantener todo el sistema de becas y est\u00edmulos para los estudiantes, pero est\u00e1n planteando que en la fundaci\u00f3n puedan ayudar a la Universidad a hacer una unidad concentradora de becas para que los estudiantes no tengan que estar buscando en todos lados becas de excelencia, de movilidad entre otras.<\/p>\n\n\n\n<p>Otra l\u00ednea de trabajo es que los aprovechen como donataria autorizada para eu puedan acceder a fondos y que puedan dispersarlos para trabajos de investigaci\u00f3n para la comunidad universitaria, pero que sean una entidad comercializadora de servicios y de procuraci\u00f3n de fondos.<\/p>\n\n\n\n<p>Adem\u00e1s est\u00e1n muy interesados en fomentar la cultura y el deporte lo cual tambi\u00e9n es de inter\u00e9s del rector de la UV, por lo que est\u00e1n analizando la posibilidad de trabajar en conjunto en ese \u00e1mbito.<\/p>\n\n\n\n<p>Est\u00e1n afinando la parte presupuestal y acad\u00e9mica de programas, ya que la UV necesita m\u00e1s recursos ya que la ley de educaci\u00f3n en sus reformas habla de poder acceder a m\u00e1s estudiantes para que llegue a m\u00e1s rincones por lo que es necesario cambiar estatutos o la ley org\u00e1nica de la instituci\u00f3n o incluso insertarse en un programa diferentes.<\/p>\n\n\n\n<p>Coment\u00f3 que para lograr esto es necesario realizar cambios estructurales pero primero que nada es la voluntad de la universidad, actualmente maneja ente 30 o 40 millones de pesos al a\u00f1o que reparten en los diferentes est\u00edmulos y mantenimientos.<\/p>\n\n\n\n<p><strong>La Catrina<\/strong><\/p>\n\n\n\n<p>En otro orden de ideas dio a conocer que del 29 de octubre al 2 de noviembre se realizar\u00e1 el segundo festival \u201cLa Catrina\u201d para conmemorar el D\u00eda de Muertos en las instalaciones Campus para la Cultura, Las Artes y el Deporte (CAD) con todas las medidas sanitarias.<\/p>\n\n\n\n<p>\u201cVamos a regresar con el segundo festival de La Cadtrina \u00bfpor qu\u00e9 le pusimos La Catrina?, porque se va a realizar en el Campus para la Cultura, Las Artes y el Deporte y le estamos abreviando el campus CAD que mucha gente conoce como la USBI\u201d, se\u00f1al\u00f3.<\/p>\n\n\n\n<p>Los horarios son a las 8:00 de la noche; las 9:30 de la noche; 10:00 de la noche y 11:30; las obras de teatro tienen una duraci\u00f3n de 40 a 45 minutos.<\/p>\n\n\n\n<p>Finalmente coment\u00f3 que, \u201cesta  representaci\u00f3n tiene motivos especiales para la reflexi\u00f3n, es para todo p\u00fablico, pero en esta ocasi\u00f3n le hemos incorporado una carrera de disfraces y por ese motivo est\u00e1 con nosotros la promotora deportiva de Xalapa que ha estado desde hace tiempo organizando los cursos de verano\u201d.<\/p>\n","protected":false},"excerpt":{"rendered":"<p>Dar\u00edo Pale Xalapa, Ver.- El director general de fundaci\u00f3n de la Universidad Veracruzana (UV) Facundo Pacheco Rojas, dio a conocer que esperan mantener el sistema de becas y ser donataria de la m\u00e1xima casa de estudios ya que necesita m\u00e1s recursos para apoyar a m\u00e1s estudiantes y programas. En conferencia de prensa realizada en conocido [&hellip;]<\/p>\n","protected":false},"author":1,"featured_media":19391,"comment_status":"open","ping_status":"open","sticky":false,"template":"","format":"standard","meta":{"_jetpack_memberships_contains_paid_content":false,"footnotes":""},"categories":[2],"tags":[],"class_list":["post-19390","post","type-post","status-publish","format-standard","has-post-thumbnail","hentry","category-estado"],"jetpack_featured_media_url":"https:\/\/encuentroinformativo.com.mx\/wp-content\/uploads\/2021\/10\/3C974979-08C3-4200-A40D-878D0CB0E65E.jpeg","jetpack_sharing_enabled":true,"jetpack_likes_enabled":true,"amp_enabled":true,"_links":{"self":[{"href":"https:\/\/encuentroinformativo.com.mx\/index.php?rest_route=\/wp\/v2\/posts\/19390","targetHints":{"allow":["GET"]}}],"collection":[{"href":"https:\/\/encuentroinformativo.com.mx\/index.php?rest_route=\/wp\/v2\/posts"}],"about":[{"href":"https:\/\/encuentroinformativo.com.mx\/index.php?rest_route=\/wp\/v2\/types\/post"}],"author":[{"embeddable":true,"href":"https:\/\/encuentroinformativo.com.mx\/index.php?rest_route=\/wp\/v2\/users\/1"}],"replies":[{"embeddable":true,"href":"https:\/\/encuentroinformativo.com.mx\/index.php?rest_route=%2Fwp%2Fv2%2Fcomments&post=19390"}],"version-history":[{"count":1,"href":"https:\/\/encuentroinformativo.com.mx\/index.php?rest_route=\/wp\/v2\/posts\/19390\/revisions"}],"predecessor-version":[{"id":19392,"href":"https:\/\/encuentroinformativo.com.mx\/index.php?rest_route=\/wp\/v2\/posts\/19390\/revisions\/19392"}],"wp:featuredmedia":[{"embeddable":true,"href":"https:\/\/encuentroinformativo.com.mx\/index.php?rest_route=\/wp\/v2\/media\/19391"}],"wp:attachment":[{"href":"https:\/\/encuentroinformativo.com.mx\/index.php?rest_route=%2Fwp%2Fv2%2Fmedia&parent=19390"}],"wp:term":[{"taxonomy":"category","embeddable":true,"href":"https:\/\/encuentroinformativo.com.mx\/index.php?rest_route=%2Fwp%2Fv2%2Fcategories&post=19390"},{"taxonomy":"post_tag","embeddable":true,"href":"https:\/\/encuentroinformativo.com.mx\/index.php?rest_route=%2Fwp%2Fv2%2Ftags&post=19390"}],"curies":[{"name":"wp","href":"https:\/\/api.w.org\/{rel}","templated":true}]}}