{"id":19396,"date":"2021-10-15T13:29:27","date_gmt":"2021-10-15T18:29:27","guid":{"rendered":"https:\/\/encuentroinformativo.com.mx\/?p=19396"},"modified":"2021-10-15T13:29:30","modified_gmt":"2021-10-15T18:29:30","slug":"reviven-17-proyectos-mineros-en-veracruz","status":"publish","type":"post","link":"https:\/\/encuentroinformativo.com.mx\/?p=19396","title":{"rendered":"Reviven 17 proyectos mineros en Veracruz"},"content":{"rendered":"\n<p><strong>Juan Arcos<\/strong><\/p>\n\n\n\n<p>Xalapa, Ver.- Un total de 17 proyectos de miner\u00eda a cielo abierto podr\u00edan reactivar sus operaciones en el estado de Veracruz.<\/p>\n\n\n\n<p>As\u00ed lo dio a conocer Guillermo Rodr\u00edguez Curiel, integrante de La Asamblea de Iniciativas y Defensa Ambiental (Lavida), que adem\u00e1s record\u00f3 que en la zona costera, cerca de la Planta Nucleoel\u00e9ctrica de Laguna Verde, se encuentran los proyectos mineros \u201cLa Paila\u201d y \u201cEl Cobre\u201d, en Alto Lucero y Actopan, respectivamente, donde buscan extraer oro, plata y cobre.<\/p>\n\n\n\n<p>El activista refiri\u00f3 que la Federaci\u00f3n ha argumentado que no ser\u00e1n otorgadas m\u00e1s concesiones mineras en el pa\u00eds; sin embargo, permite que las minas ya instaladas se extiendan territorialmente.<\/p>\n\n\n\n<p>\u201cTienen una concesi\u00f3n que puede amparar cinco hect\u00e1reas pero la ampl\u00edan y la ampl\u00edan y la ampl\u00edan y la ampl\u00edan, es una cosa de no acabar. Nos molesta mucho que el gobierno estatal y federal no coloquen por delante la naturaleza, no coloquen por delante la defensa del patrimonio\u201d.<\/p>\n\n\n\n<p>Tambi\u00e9n record\u00f3 que, seg\u00fan un estudio de la Universidad Nacional Aut\u00f3noma de M\u00e9xico (UNAM), el estado de Veracruz ha perdido el 96 por ciento de su corteza vegetal por \u201cproyectos de muerte\u201d.<\/p>\n\n\n\n<p>\u201cDice que los veracruzanos ya perdimos el 96 por ciento de la corteza vegetal y dice: me da tristeza por Veracruz. Un estado tan lleno de vegetaci\u00f3n, nos queda el cuatro por ciento y parece mucha, es el 96 por ciento de p\u00e9rdida\u201d, insiste.<\/p>\n\n\n\n<p><strong>CUENCAS EN PELIGRO\u00a0<\/strong><\/p>\n\n\n\n<p>El ambientalista enfatiz\u00f3 que si son reactivadas las operaciones de las mineras en Actopan y Alto Lucero ser\u00edan \u201cdestruidas\u201d tres cuencas: la del r\u00edo Actopan, La Antigua y el Filobobos-Nautla.<\/p>\n\n\n\n<p>Esto ocasionar\u00eda que dos millones y medio de veracruzanos se queden sin agua, pues \u00e9sta resulta ser la primera v\u00edctima de las mineras canadienses.<\/p>\n\n\n\n<p>\u201cPor eso estamos dici\u00e9ndole a los veracruzanos y al pueblo en general que nos ayuden a frenar esta minera y se vaya definitivamente de Veracruz, no vamos a bajar la guardia, todos estamos aqu\u00ed convencidos de que tenemos que seguir\u201d, a\u00f1adi\u00f3 Rodr\u00edguez Curiel.<\/p>\n\n\n\n<p>Enfatiz\u00f3 que los pueblos de la zona de Actopan y Alto Lucero no est\u00e1n dispuestos a permitir la miner\u00eda t\u00f3xica en la regi\u00f3n.<\/p>\n\n\n\n<p>\u201cSi caminan por la minera ahorita no hay maquinaria ni nada, retiraron sus tubos, su maquinaria, pero van a regresar cuando se les pegue la regalada gana porque as\u00ed se los permite la ley\u201d.<\/p>\n\n\n\n<p>Los activistas y los ejidatarios est\u00e1n dispuestos a continuar las movilizaciones en la entidad para que las empresas canadienses no acaben con el medio ambiente para extraer oro, plata y cobre en la zona.<\/p>\n\n\n\n<p>\u201cVamos a defender la vida con la vida misma. Estamos convencidos de que si la sociedad defiende su territorio no van a pasar y aqu\u00ed la gente lo va a defender\u201d, advirti\u00f3 Guillermo Rodr\u00edguez.<\/p>\n","protected":false},"excerpt":{"rendered":"<p>Juan Arcos Xalapa, Ver.- Un total de 17 proyectos de miner\u00eda a cielo abierto podr\u00edan reactivar sus operaciones en el estado de Veracruz. As\u00ed lo dio a conocer Guillermo Rodr\u00edguez Curiel, integrante de La Asamblea de Iniciativas y Defensa Ambiental (Lavida), que adem\u00e1s record\u00f3 que en la zona costera, cerca de la Planta Nucleoel\u00e9ctrica de [&hellip;]<\/p>\n","protected":false},"author":1,"featured_media":19397,"comment_status":"open","ping_status":"open","sticky":false,"template":"","format":"standard","meta":{"_jetpack_memberships_contains_paid_content":false,"footnotes":""},"categories":[2],"tags":[],"class_list":["post-19396","post","type-post","status-publish","format-standard","has-post-thumbnail","hentry","category-estado"],"jetpack_featured_media_url":"https:\/\/encuentroinformativo.com.mx\/wp-content\/uploads\/2021\/10\/559E7232-C3CF-41D7-885D-1AFAF5CAC2BA.jpeg","jetpack_sharing_enabled":true,"jetpack_likes_enabled":true,"amp_enabled":true,"_links":{"self":[{"href":"https:\/\/encuentroinformativo.com.mx\/index.php?rest_route=\/wp\/v2\/posts\/19396","targetHints":{"allow":["GET"]}}],"collection":[{"href":"https:\/\/encuentroinformativo.com.mx\/index.php?rest_route=\/wp\/v2\/posts"}],"about":[{"href":"https:\/\/encuentroinformativo.com.mx\/index.php?rest_route=\/wp\/v2\/types\/post"}],"author":[{"embeddable":true,"href":"https:\/\/encuentroinformativo.com.mx\/index.php?rest_route=\/wp\/v2\/users\/1"}],"replies":[{"embeddable":true,"href":"https:\/\/encuentroinformativo.com.mx\/index.php?rest_route=%2Fwp%2Fv2%2Fcomments&post=19396"}],"version-history":[{"count":1,"href":"https:\/\/encuentroinformativo.com.mx\/index.php?rest_route=\/wp\/v2\/posts\/19396\/revisions"}],"predecessor-version":[{"id":19398,"href":"https:\/\/encuentroinformativo.com.mx\/index.php?rest_route=\/wp\/v2\/posts\/19396\/revisions\/19398"}],"wp:featuredmedia":[{"embeddable":true,"href":"https:\/\/encuentroinformativo.com.mx\/index.php?rest_route=\/wp\/v2\/media\/19397"}],"wp:attachment":[{"href":"https:\/\/encuentroinformativo.com.mx\/index.php?rest_route=%2Fwp%2Fv2%2Fmedia&parent=19396"}],"wp:term":[{"taxonomy":"category","embeddable":true,"href":"https:\/\/encuentroinformativo.com.mx\/index.php?rest_route=%2Fwp%2Fv2%2Fcategories&post=19396"},{"taxonomy":"post_tag","embeddable":true,"href":"https:\/\/encuentroinformativo.com.mx\/index.php?rest_route=%2Fwp%2Fv2%2Ftags&post=19396"}],"curies":[{"name":"wp","href":"https:\/\/api.w.org\/{rel}","templated":true}]}}