{"id":19402,"date":"2021-10-15T14:23:56","date_gmt":"2021-10-15T19:23:56","guid":{"rendered":"https:\/\/encuentroinformativo.com.mx\/?p=19402"},"modified":"2021-10-15T14:24:00","modified_gmt":"2021-10-15T19:24:00","slug":"apostar-a-la-violencia","status":"publish","type":"post","link":"https:\/\/encuentroinformativo.com.mx\/?p=19402","title":{"rendered":"Apostar a la violencia"},"content":{"rendered":"\n<p><strong>Revelaciones<br><\/strong><br><strong>Margarito Escudero Luis<\/strong><\/p>\n\n\n\n<p>La abogada Susana Prieto Terrazas, actual diputada federal plurinominal por Morena y quien se hizo famosa por promover una serie de huelgas en el norte del pa\u00eds que paraliz\u00f3 por varios d\u00edas a las maquiladoras, es destacada integrante de la Confederaci\u00f3n Aut\u00f3noma de Trabajadores y Empleados de M\u00e9xico (CATEM), desde donde se ha proclamado defensora de los trabajadores y que sigue buscando la forma de llevar m\u00e1s contratos a la agrupaci\u00f3n que dirige Pedro Haces.<\/p>\n\n\n\n<p>Prieto Terrazas es se\u00f1alada de estar detr\u00e1s de las violentas protestas que se realizaron en la refiner\u00eda Dos Bocas en contra de la empresa ICAFluor y que deriv\u00f3 en un enfrentamiento entre obreros y elementos de la Marina.<\/p>\n\n\n\n<p>La abogada meti\u00f3 sus narices en un tema que dirige la secretaria de Energ\u00eda, a quien se\u00f1al\u00f3 de solapar un supuesto monopolio laboral de la CTM en los trabajos de Dos Bocas.<\/p>\n\n\n\n<p>Pero, fiel a sus pr\u00e1cticas, la CATEM recurri\u00f3 a la violencia para llamar la atenci\u00f3n y exigir contratos laborales a ICAFluor, cuando ya existe un Contrato Colectivo que est\u00e1 en marcha desde hace tres a\u00f1os.<\/p>\n\n\n\n<p>El asunto en un problema entre l\u00edderes sindicales, tal como lo se\u00f1al\u00f3 el presidente Andr\u00e9s Manuel L\u00f3pez Obrador, pero parece que se trata tambi\u00e9n de un pretexto para denostar al gobierno morenista y a Roc\u00edo Nahle, a quien los medios se le fueron de inmediato encima sin que se supiera cu\u00e1l era el fondo del asunto.<\/p>\n\n\n\n<p>Susana Prieto Terrazas fue detenida en Matamoros, Tamaulipas por los delitos de mot\u00edn, amenazas, coacci\u00f3n de delitos cometidos contra servidores p\u00fablicos, acusada por la Junta Especial n\u00famero 6 de Conciliaci\u00f3n y Arbitraje de Matamoros.<\/p>\n\n\n\n<p>Tambi\u00e9n ha sido se\u00f1alada como agitadora profesional y sus declaraciones hechas contra la secretaria de Energ\u00eda, suenan a un espaldarazo a los encargados de provocar el caos en Dos Bocas.<\/p>\n\n\n\n<p>Roci\u00f3 Nahle declar\u00f3 que se trataba de un \u201cgrupito\u201d de personas las que provocaron el sainete, y eso es verdad, no se requieren de muchas personas para involucrar al resto de los trabajadores, cuando se tiene experiencia en agitaci\u00f3n social.<\/p>\n\n\n\n<p>Ahora, la CATEM y Susana Prieto intentan deslindarse de los acontecimientos ocurridos en la refiner\u00eda.<\/p>\n\n\n\n<p>La violencia sigue latente en el \u00e1rea de Dos Bocas, han quedado descubiertas las intenciones de los dirigentes de la CATEM, pues no se trata solamente de contratos laborales, que ya fueron firmados desde antes del inicio de la obra y entonces no dijeron nada.<\/p>\n\n\n\n<p>El tema requiere mayor atenci\u00f3n, pues existe otro hecho donde tambi\u00e9n involucran a Nahle Garcia, cuando los comisionistas gaseros protestaron frente a la secretar\u00eda y algunos infiltrados provocaron a polic\u00edas que respondieron, provocando algunos lastimados.<\/p>\n\n\n\n<p>Entonces parece algo orquestado contra Roc\u00edo Nahle y de paso raspar a la 4T se\u00f1al\u00e1ndolos de represores.<\/p>\n","protected":false},"excerpt":{"rendered":"<p>RevelacionesMargarito Escudero Luis La abogada Susana Prieto Terrazas, actual diputada federal plurinominal por Morena y quien se hizo famosa por promover una serie de huelgas en el norte del pa\u00eds que paraliz\u00f3 por varios d\u00edas a las maquiladoras, es destacada integrante de la Confederaci\u00f3n Aut\u00f3noma de Trabajadores y Empleados de M\u00e9xico (CATEM), desde donde se [&hellip;]<\/p>\n","protected":false},"author":1,"featured_media":387,"comment_status":"open","ping_status":"open","sticky":false,"template":"","format":"standard","meta":{"_jetpack_memberships_contains_paid_content":false,"footnotes":""},"categories":[11],"tags":[],"class_list":["post-19402","post","type-post","status-publish","format-standard","has-post-thumbnail","hentry","category-opinion"],"jetpack_featured_media_url":"https:\/\/encuentroinformativo.com.mx\/wp-content\/uploads\/2020\/03\/7CF8A22B-2764-47BE-8F7F-38FE9E5D6A2F.jpeg","jetpack_sharing_enabled":true,"jetpack_likes_enabled":true,"amp_enabled":true,"_links":{"self":[{"href":"https:\/\/encuentroinformativo.com.mx\/index.php?rest_route=\/wp\/v2\/posts\/19402","targetHints":{"allow":["GET"]}}],"collection":[{"href":"https:\/\/encuentroinformativo.com.mx\/index.php?rest_route=\/wp\/v2\/posts"}],"about":[{"href":"https:\/\/encuentroinformativo.com.mx\/index.php?rest_route=\/wp\/v2\/types\/post"}],"author":[{"embeddable":true,"href":"https:\/\/encuentroinformativo.com.mx\/index.php?rest_route=\/wp\/v2\/users\/1"}],"replies":[{"embeddable":true,"href":"https:\/\/encuentroinformativo.com.mx\/index.php?rest_route=%2Fwp%2Fv2%2Fcomments&post=19402"}],"version-history":[{"count":1,"href":"https:\/\/encuentroinformativo.com.mx\/index.php?rest_route=\/wp\/v2\/posts\/19402\/revisions"}],"predecessor-version":[{"id":19403,"href":"https:\/\/encuentroinformativo.com.mx\/index.php?rest_route=\/wp\/v2\/posts\/19402\/revisions\/19403"}],"wp:featuredmedia":[{"embeddable":true,"href":"https:\/\/encuentroinformativo.com.mx\/index.php?rest_route=\/wp\/v2\/media\/387"}],"wp:attachment":[{"href":"https:\/\/encuentroinformativo.com.mx\/index.php?rest_route=%2Fwp%2Fv2%2Fmedia&parent=19402"}],"wp:term":[{"taxonomy":"category","embeddable":true,"href":"https:\/\/encuentroinformativo.com.mx\/index.php?rest_route=%2Fwp%2Fv2%2Fcategories&post=19402"},{"taxonomy":"post_tag","embeddable":true,"href":"https:\/\/encuentroinformativo.com.mx\/index.php?rest_route=%2Fwp%2Fv2%2Ftags&post=19402"}],"curies":[{"name":"wp","href":"https:\/\/api.w.org\/{rel}","templated":true}]}}