{"id":19407,"date":"2021-10-15T14:48:44","date_gmt":"2021-10-15T19:48:44","guid":{"rendered":"https:\/\/encuentroinformativo.com.mx\/?p=19407"},"modified":"2021-10-15T14:48:48","modified_gmt":"2021-10-15T19:48:48","slug":"recibira-xalapa-al-aguilas-de-veracruz","status":"publish","type":"post","link":"https:\/\/encuentroinformativo.com.mx\/?p=19407","title":{"rendered":"Recibir\u00e1 Xalapa al \u00c1guilas de Veracruz"},"content":{"rendered":"\n<p><strong>Dar\u00edo Pale<\/strong><\/p>\n\n\n\n<p>Xalapa, Ver.- El alcalde de Xalapa Hip\u00f3lito Rodr\u00edguez Herrero dio a conocer que su administraci\u00f3n no apoyar\u00e1 econ\u00f3micamente a El Aguila de Veracruz en la liga invernal s\u00f3lo har\u00e1 la rehabilitaci\u00f3n del campo.<\/p>\n\n\n\n<p>Entrevistado en el parque Ju\u00e1rez previo a la inauguraci\u00f3n de la exposici\u00f3n fotogr\u00e1fica de la asociaci\u00f3n Gente Peque\u00f1a dio a conocer que en el parque de beisbol &#8220;Col\u00f3n&#8221;, recibir\u00e1 al equipo \u00c1guilas de Veracruz en la liga invernal, pero su administraci\u00f3n no apoyar\u00e1 econ\u00f3micamente sino solo con la rehabilitaci\u00f3n del campo.<\/p>\n\n\n\n<p>&#8220;Acondicionar un poco la cancha, ustedes saben que en este tiempo de pandemia, por las reglas del confinamiento, no se le dio todo el mantenimiento que merec\u00eda y ahorita se le est\u00e1 dando ese mantenimiento&#8221;, coment\u00f3.<\/p>\n\n\n\n<p>Dio a conocer que el estadio ya fue rehabilitado este a\u00f1o y que recibi\u00f3 una fuerte inversi\u00f3n para mejora de los ba\u00f1os, las gradas y el sistema hidr\u00e1ulico, de &#8220;por lo menos&#8221; unos tres millones de pesos.<\/p>\n\n\n\n<p>&#8220;Por lo menos unos tres millones de pesos, en lo que hace a los ba\u00f1os, pero en lo que se refiere a las gradas y el sistema hidr\u00e1ulico, fue otro monto&#8221;, se\u00f1al\u00f3.<\/p>\n\n\n\n<p>Sobre si este espacio que ser\u00e1 abierto para la liga invernal de b\u00e9isbol podr\u00eda ser utilizado en un futuro para conciertos u otros eventos como se hac\u00eda antes, dijo que la comunidad deportiva que ah\u00ed pr\u00e1ctica ha solicitado que se cuide y &#8220;a qui\u00e9n se le presta&#8221;.<\/p>\n\n\n\n<p>&#8220;Es una comunidad muy activa, muy participativa y nos han pedido que cuidemos mucho a qui\u00e9n se le presta porque ya ocurri\u00f3 en el pasado que se prestaba y lastimaban, deterioraban el sistema hidr\u00e1ulico o el propio c\u00e9sped&#8221;, inform\u00f3.<\/p>\n\n\n\n<p>Finalmente se\u00f1al\u00f3 que no se permitir\u00e1 que haya ventas de alimentos o bebidas al exterior del lugar, debido a que la venta informal no est\u00e1 permitida y eso lastima la movilidad, afectando tambi\u00e9n a los vecinos de las calles aleda\u00f1as.<\/p>\n","protected":false},"excerpt":{"rendered":"<p>Dar\u00edo Pale Xalapa, Ver.- El alcalde de Xalapa Hip\u00f3lito Rodr\u00edguez Herrero dio a conocer que su administraci\u00f3n no apoyar\u00e1 econ\u00f3micamente a El Aguila de Veracruz en la liga invernal s\u00f3lo har\u00e1 la rehabilitaci\u00f3n del campo. Entrevistado en el parque Ju\u00e1rez previo a la inauguraci\u00f3n de la exposici\u00f3n fotogr\u00e1fica de la asociaci\u00f3n Gente Peque\u00f1a dio a [&hellip;]<\/p>\n","protected":false},"author":1,"featured_media":19408,"comment_status":"open","ping_status":"open","sticky":false,"template":"","format":"standard","meta":{"_jetpack_memberships_contains_paid_content":false,"footnotes":""},"categories":[3],"tags":[],"class_list":["post-19407","post","type-post","status-publish","format-standard","has-post-thumbnail","hentry","category-xalapa"],"jetpack_featured_media_url":"https:\/\/encuentroinformativo.com.mx\/wp-content\/uploads\/2021\/10\/C7A0C6F4-7B0A-42D1-9638-E8D826B2F0F6.jpeg","jetpack_sharing_enabled":true,"jetpack_likes_enabled":true,"amp_enabled":true,"_links":{"self":[{"href":"https:\/\/encuentroinformativo.com.mx\/index.php?rest_route=\/wp\/v2\/posts\/19407","targetHints":{"allow":["GET"]}}],"collection":[{"href":"https:\/\/encuentroinformativo.com.mx\/index.php?rest_route=\/wp\/v2\/posts"}],"about":[{"href":"https:\/\/encuentroinformativo.com.mx\/index.php?rest_route=\/wp\/v2\/types\/post"}],"author":[{"embeddable":true,"href":"https:\/\/encuentroinformativo.com.mx\/index.php?rest_route=\/wp\/v2\/users\/1"}],"replies":[{"embeddable":true,"href":"https:\/\/encuentroinformativo.com.mx\/index.php?rest_route=%2Fwp%2Fv2%2Fcomments&post=19407"}],"version-history":[{"count":1,"href":"https:\/\/encuentroinformativo.com.mx\/index.php?rest_route=\/wp\/v2\/posts\/19407\/revisions"}],"predecessor-version":[{"id":19409,"href":"https:\/\/encuentroinformativo.com.mx\/index.php?rest_route=\/wp\/v2\/posts\/19407\/revisions\/19409"}],"wp:featuredmedia":[{"embeddable":true,"href":"https:\/\/encuentroinformativo.com.mx\/index.php?rest_route=\/wp\/v2\/media\/19408"}],"wp:attachment":[{"href":"https:\/\/encuentroinformativo.com.mx\/index.php?rest_route=%2Fwp%2Fv2%2Fmedia&parent=19407"}],"wp:term":[{"taxonomy":"category","embeddable":true,"href":"https:\/\/encuentroinformativo.com.mx\/index.php?rest_route=%2Fwp%2Fv2%2Fcategories&post=19407"},{"taxonomy":"post_tag","embeddable":true,"href":"https:\/\/encuentroinformativo.com.mx\/index.php?rest_route=%2Fwp%2Fv2%2Ftags&post=19407"}],"curies":[{"name":"wp","href":"https:\/\/api.w.org\/{rel}","templated":true}]}}