{"id":19413,"date":"2021-10-15T15:17:56","date_gmt":"2021-10-15T20:17:56","guid":{"rendered":"https:\/\/encuentroinformativo.com.mx\/?p=19413"},"modified":"2021-10-15T15:17:59","modified_gmt":"2021-10-15T20:17:59","slug":"por-pandemia-sin-realizarse-viaje-de-la-superacion-ciudadana","status":"publish","type":"post","link":"https:\/\/encuentroinformativo.com.mx\/?p=19413","title":{"rendered":"Por pandemia, sin realizarse viaje de la Superaci\u00f3n Ciudadana"},"content":{"rendered":"\n<p><strong>Alejandro \u00c1vila<\/strong><\/p>\n\n\n\n<p>Veracruz, Ver. &#8211; Rafael S\u00e1nchez Enr\u00edquez, coordinador general del viaje \u201cPor la Ruta de la Insurgencia\u201d, se\u00f1al\u00f3 que en este 2021 tampoco existen las condiciones para realizar el viaje que premia a los ni\u00f1os de Veracruz por los promedios m\u00e1s altos en sus respectivos planteles educativos.<\/p>\n\n\n\n<p>Esto, dijo, es porque se analiz\u00f3 que no se podr\u00eda dar un viaje seguro y donde se salvaguarde la salud de los alumnos y los docentes que los acompa\u00f1an, motivo por el cual en conjunto con el Ayuntamiento de Veracruz se tom\u00f3 la decisi\u00f3n de no realizar el viaje en la edici\u00f3n 2021.<\/p>\n\n\n\n<p>\u201cSer\u00eda el segundo a\u00f1o que no realizamos el viaje por cuestiones de pandemia (\u2026) el listado lo proporciona la Instituci\u00f3n de la Superaci\u00f3n Ciudadana, no tengo el dato exacto de los ni\u00f1os, pero en a\u00f1os anteriores hemos viajado con 160 ni\u00f1os premiados\u201d, apunt\u00f3.<\/p>\n\n\n\n<p>S\u00e1nchez Enr\u00edquez, dijo que se dar\u00e1 un obsequio a los peque\u00f1os, toda vez que reconoci\u00f3 se debe reconocer el esfuerzo que realizaron durante el ciclo escolar por mantener las notas m\u00e1s altas en sus respectivas escuelas.<\/p>\n\n\n\n<p>El coordinardor del viaje, record\u00f3 que desde el a\u00f1o 1953, Grupo ADO patrocina un viaje por \u201cLa Ruta de la Insurgencia\u201d, como premio a los ni\u00f1os con los mejores promedios en la educaci\u00f3n primaria de las escuelas del municipio de Veracruz.<\/p>\n\n\n\n<p>El viaje visita diversos municipios del Estado de Veracruz, Ciudad de M\u00e9xico, Quer\u00e9taro, Guanajuato, Estado de M\u00e9xico, y regresan tras ocho d\u00edas de viaje.<\/p>\n\n\n\n<p>\u201cObviamente es fomentar el esfuerzo, la dedicaci\u00f3n de los ni\u00f1os, nosotros creemos que el reconocimiento al esfuerzo realizado, es una forma de exhortar a los ni\u00f1os a que estudien, a que sean mejores ciudadanos, a que sean mejores personas y que el hecho de obtener buenos resultados, tiene recompensa\u201d, culmin\u00f3.<\/p>\n","protected":false},"excerpt":{"rendered":"<p>Alejandro \u00c1vila Veracruz, Ver. &#8211; Rafael S\u00e1nchez Enr\u00edquez, coordinador general del viaje \u201cPor la Ruta de la Insurgencia\u201d, se\u00f1al\u00f3 que en este 2021 tampoco existen las condiciones para realizar el viaje que premia a los ni\u00f1os de Veracruz por los promedios m\u00e1s altos en sus respectivos planteles educativos. Esto, dijo, es porque se analiz\u00f3 que [&hellip;]<\/p>\n","protected":false},"author":1,"featured_media":19414,"comment_status":"open","ping_status":"open","sticky":false,"template":"","format":"standard","meta":{"_jetpack_memberships_contains_paid_content":false,"footnotes":""},"categories":[2],"tags":[],"class_list":["post-19413","post","type-post","status-publish","format-standard","has-post-thumbnail","hentry","category-estado"],"jetpack_featured_media_url":"https:\/\/encuentroinformativo.com.mx\/wp-content\/uploads\/2021\/10\/37DD9FCA-51A5-41F9-9859-127CB0809152.jpeg","jetpack_sharing_enabled":true,"jetpack_likes_enabled":true,"amp_enabled":true,"_links":{"self":[{"href":"https:\/\/encuentroinformativo.com.mx\/index.php?rest_route=\/wp\/v2\/posts\/19413","targetHints":{"allow":["GET"]}}],"collection":[{"href":"https:\/\/encuentroinformativo.com.mx\/index.php?rest_route=\/wp\/v2\/posts"}],"about":[{"href":"https:\/\/encuentroinformativo.com.mx\/index.php?rest_route=\/wp\/v2\/types\/post"}],"author":[{"embeddable":true,"href":"https:\/\/encuentroinformativo.com.mx\/index.php?rest_route=\/wp\/v2\/users\/1"}],"replies":[{"embeddable":true,"href":"https:\/\/encuentroinformativo.com.mx\/index.php?rest_route=%2Fwp%2Fv2%2Fcomments&post=19413"}],"version-history":[{"count":1,"href":"https:\/\/encuentroinformativo.com.mx\/index.php?rest_route=\/wp\/v2\/posts\/19413\/revisions"}],"predecessor-version":[{"id":19415,"href":"https:\/\/encuentroinformativo.com.mx\/index.php?rest_route=\/wp\/v2\/posts\/19413\/revisions\/19415"}],"wp:featuredmedia":[{"embeddable":true,"href":"https:\/\/encuentroinformativo.com.mx\/index.php?rest_route=\/wp\/v2\/media\/19414"}],"wp:attachment":[{"href":"https:\/\/encuentroinformativo.com.mx\/index.php?rest_route=%2Fwp%2Fv2%2Fmedia&parent=19413"}],"wp:term":[{"taxonomy":"category","embeddable":true,"href":"https:\/\/encuentroinformativo.com.mx\/index.php?rest_route=%2Fwp%2Fv2%2Fcategories&post=19413"},{"taxonomy":"post_tag","embeddable":true,"href":"https:\/\/encuentroinformativo.com.mx\/index.php?rest_route=%2Fwp%2Fv2%2Ftags&post=19413"}],"curies":[{"name":"wp","href":"https:\/\/api.w.org\/{rel}","templated":true}]}}