{"id":19429,"date":"2021-10-16T19:10:29","date_gmt":"2021-10-17T00:10:29","guid":{"rendered":"https:\/\/encuentroinformativo.com.mx\/?p=19429"},"modified":"2021-10-16T19:10:33","modified_gmt":"2021-10-17T00:10:33","slug":"clases-presenciales-a-voluntad-de-padres-sev","status":"publish","type":"post","link":"https:\/\/encuentroinformativo.com.mx\/?p=19429","title":{"rendered":"Clases presenciales a voluntad de padres: SEV"},"content":{"rendered":"\n<p><strong>Dar\u00edo Pale <\/strong><\/p>\n\n\n\n<p>Xalapa, Ver.- El titular de la Secretar\u00eda de Educaci\u00f3n de Veracruz (SEV), Zenyazen Roberto Escobar Garc\u00eda dio a conocer que pese a que el sem\u00e1foro epidemiol\u00f3gico este en verde las clases presenciales ser\u00e1 voluntad de padres y madres de familia.<\/p>\n\n\n\n<p>Entrevistado en las instalaciones de la SEV el secretario se\u00f1al\u00f3 que no ha habido contagios &#8220;masivos&#8221; de Covid en los planteles escolares, lo cual era la mayor preocupaci\u00f3n de los padres y madres de familia.<\/p>\n\n\n\n<p>Asegur\u00f3 que se han manejado bien los filtros en las escuelas y agradeci\u00f3 la participaci\u00f3n de los padres y docentes, por lo que exhort\u00f3 a que asistan de manera m\u00e1s regular a los planteles.<\/p>\n\n\n\n<p>&#8220;Hemos segu\u00ed haciendo la invitaci\u00f3n a ya empezar a asistir de manera m\u00e1s regular a las escuelas. Ya tenemos m\u00e1s de dos meses que estamos en las clases, no ha habido como tal contagios masivos. Esto es lo que preocupaba como tal a la sociedad. Se han manejado bien los filtros a trav\u00e9s de las directoras y directores maestros y sobre todo las asociaciones de padres de familia&#8221;, coment\u00f3.<\/p>\n\n\n\n<p>Record\u00f3 que ya han pasado m\u00e1s de dos meses desde que inici\u00f3 el presente ciclo escolar y no ha habido contagios masivos.<\/p>\n\n\n\n<p>Por otra parte, debido al encuentro entre el Ministerio de Cultura de Cuba con la SEV, afirm\u00f3 que est\u00e1n revisando la firma de un convenio de colaboraci\u00f3n con el gobierno de la isla que m\u00e1s adelante dar\u00e1n a conocer.<\/p>\n\n\n\n<p>Finalmente el secretario revel\u00f3 que cuando se inici\u00f3 el programa de &#8220;Matem\u00e1ticas para todos&#8221;, algunos docentes viajaron a Cuba a preparase en esa materia.<\/p>\n","protected":false},"excerpt":{"rendered":"<p>Dar\u00edo Pale Xalapa, Ver.- El titular de la Secretar\u00eda de Educaci\u00f3n de Veracruz (SEV), Zenyazen Roberto Escobar Garc\u00eda dio a conocer que pese a que el sem\u00e1foro epidemiol\u00f3gico este en verde las clases presenciales ser\u00e1 voluntad de padres y madres de familia. Entrevistado en las instalaciones de la SEV el secretario se\u00f1al\u00f3 que no ha [&hellip;]<\/p>\n","protected":false},"author":1,"featured_media":19430,"comment_status":"open","ping_status":"open","sticky":false,"template":"","format":"standard","meta":{"_jetpack_memberships_contains_paid_content":false,"footnotes":""},"categories":[2],"tags":[],"class_list":["post-19429","post","type-post","status-publish","format-standard","has-post-thumbnail","hentry","category-estado"],"jetpack_featured_media_url":"https:\/\/encuentroinformativo.com.mx\/wp-content\/uploads\/2021\/10\/D6C78B13-4FC2-468D-B614-247E744F6A9C.jpeg","jetpack_sharing_enabled":true,"jetpack_likes_enabled":true,"amp_enabled":true,"_links":{"self":[{"href":"https:\/\/encuentroinformativo.com.mx\/index.php?rest_route=\/wp\/v2\/posts\/19429","targetHints":{"allow":["GET"]}}],"collection":[{"href":"https:\/\/encuentroinformativo.com.mx\/index.php?rest_route=\/wp\/v2\/posts"}],"about":[{"href":"https:\/\/encuentroinformativo.com.mx\/index.php?rest_route=\/wp\/v2\/types\/post"}],"author":[{"embeddable":true,"href":"https:\/\/encuentroinformativo.com.mx\/index.php?rest_route=\/wp\/v2\/users\/1"}],"replies":[{"embeddable":true,"href":"https:\/\/encuentroinformativo.com.mx\/index.php?rest_route=%2Fwp%2Fv2%2Fcomments&post=19429"}],"version-history":[{"count":1,"href":"https:\/\/encuentroinformativo.com.mx\/index.php?rest_route=\/wp\/v2\/posts\/19429\/revisions"}],"predecessor-version":[{"id":19431,"href":"https:\/\/encuentroinformativo.com.mx\/index.php?rest_route=\/wp\/v2\/posts\/19429\/revisions\/19431"}],"wp:featuredmedia":[{"embeddable":true,"href":"https:\/\/encuentroinformativo.com.mx\/index.php?rest_route=\/wp\/v2\/media\/19430"}],"wp:attachment":[{"href":"https:\/\/encuentroinformativo.com.mx\/index.php?rest_route=%2Fwp%2Fv2%2Fmedia&parent=19429"}],"wp:term":[{"taxonomy":"category","embeddable":true,"href":"https:\/\/encuentroinformativo.com.mx\/index.php?rest_route=%2Fwp%2Fv2%2Fcategories&post=19429"},{"taxonomy":"post_tag","embeddable":true,"href":"https:\/\/encuentroinformativo.com.mx\/index.php?rest_route=%2Fwp%2Fv2%2Ftags&post=19429"}],"curies":[{"name":"wp","href":"https:\/\/api.w.org\/{rel}","templated":true}]}}