{"id":1943,"date":"2020-04-18T15:43:48","date_gmt":"2020-04-18T20:43:48","guid":{"rendered":"https:\/\/encuentroinformativo.com\/?p=1943"},"modified":"2020-04-18T15:43:50","modified_gmt":"2020-04-18T20:43:50","slug":"se-reune-carlos-jimenez-con-autoridades-de-medio-ambiente","status":"publish","type":"post","link":"https:\/\/encuentroinformativo.com.mx\/?p=1943","title":{"rendered":"Se re\u00fane Carlos Jim\u00e9nez con autoridades de medio ambiente"},"content":{"rendered":"\n<p><strong>*Basureros a cielo abierto, un foco de contaminaci\u00f3n que se debe erradicar por la salud de los veracruzanos.<\/strong><\/p>\n\n\n\n<p>Xalapa, Ver.- Siguiendo las medidas preventivas que ordena la Secretar\u00eda de Salud, el representante del VIII Distrito de Misantla, Carlos Jim\u00e9nez D\u00edaz, El Potrillo, sostuvo una reuni\u00f3n de trabajo con Sergio Rodr\u00edguez Cort\u00e9s, Procurador Estatal del Medio Ambiente y el subprocurador Ernesto Cuevas Hern\u00e1ndez.<\/p>\n\n\n\n<p>El principal punto que se trat\u00f3 en esta reuni\u00f3n fue sobre los basureros a cielo abierto que existen en la mayor\u00eda de los municipios del Estado de Veracruz y en particular los que se encuentran en los 18 municipios  que conforman el VIII Distrito, representados por El Potrillo.   <\/p>\n\n\n\n<p>Las dependencias esenciales como la PMA y el Congreso del Estado, tienen que seguir atendiendo, dentro de sus facultades, los asuntos prioritarios que tienen que ver con la salud de los veracruzanos, es la consigna del Gobernador del Estado Cuitl\u00e1huac Garc\u00eda Jim\u00e9nez y el Secretario de Gobierno, Erick Cisneros Burgos; apunt\u00f3 el Procurador.  <\/p>\n\n\n\n<p>Es necesaria la coordinaci\u00f3n de los distintos niveles de gobierno,  para atender un gran problema que se vive en todo nuestro planeta y en Veracruz ya est\u00e1 causando estragos por la contaminaci\u00f3n de mantos fre\u00e1ticos y afluentes naturales.<\/p>\n\n\n\n<p>\u201cEl agua dulce aprovechable, se est\u00e1  acabando, a causa de la sobre explotaci\u00f3n, contaminaci\u00f3n y deforestaci\u00f3n.  Los manantiales que no se han secado est\u00e1n contaminados, la falta de lluvia del a\u00f1o pasado nos mostr\u00f3 lo que nos espera si no tomamos acciones concretas a corto, mediano  y largo plazo, para reforestar y sobre todo dejar de contaminar el  medio ambiente\u201d explic\u00f3 el Legislador. <\/p>\n\n\n\n<p>Por otra parte anunci\u00f3 que sum\u00e1ndose a la propuesta de los legisladores de MORENA,  a s\u00f3lo un mes y d\u00edas de haber tomado protesta como Diputado,  nuevamente  don\u00f3 el total de  su sueldo, esta vez para la compra de equipamiento m\u00e9dico, poniendo su granito de arena para apoyar en esta contingencia.<\/p>\n","protected":false},"excerpt":{"rendered":"<p>*Basureros a cielo abierto, un foco de contaminaci\u00f3n que se debe erradicar por la salud de los veracruzanos. Xalapa, Ver.- Siguiendo las medidas preventivas que ordena la Secretar\u00eda de Salud, el representante del VIII Distrito de Misantla, Carlos Jim\u00e9nez D\u00edaz, El Potrillo, sostuvo una reuni\u00f3n de trabajo con Sergio Rodr\u00edguez Cort\u00e9s, Procurador Estatal del Medio [&hellip;]<\/p>\n","protected":false},"author":1,"featured_media":1944,"comment_status":"open","ping_status":"open","sticky":false,"template":"","format":"standard","meta":{"_jetpack_memberships_contains_paid_content":false,"footnotes":""},"categories":[2],"tags":[],"class_list":["post-1943","post","type-post","status-publish","format-standard","has-post-thumbnail","hentry","category-estado"],"jetpack_featured_media_url":"https:\/\/encuentroinformativo.com.mx\/wp-content\/uploads\/2020\/04\/88CB435C-46E9-4102-93AA-E2AD41A41E7C.jpeg","jetpack_sharing_enabled":true,"jetpack_likes_enabled":true,"amp_enabled":true,"_links":{"self":[{"href":"https:\/\/encuentroinformativo.com.mx\/index.php?rest_route=\/wp\/v2\/posts\/1943","targetHints":{"allow":["GET"]}}],"collection":[{"href":"https:\/\/encuentroinformativo.com.mx\/index.php?rest_route=\/wp\/v2\/posts"}],"about":[{"href":"https:\/\/encuentroinformativo.com.mx\/index.php?rest_route=\/wp\/v2\/types\/post"}],"author":[{"embeddable":true,"href":"https:\/\/encuentroinformativo.com.mx\/index.php?rest_route=\/wp\/v2\/users\/1"}],"replies":[{"embeddable":true,"href":"https:\/\/encuentroinformativo.com.mx\/index.php?rest_route=%2Fwp%2Fv2%2Fcomments&post=1943"}],"version-history":[{"count":1,"href":"https:\/\/encuentroinformativo.com.mx\/index.php?rest_route=\/wp\/v2\/posts\/1943\/revisions"}],"predecessor-version":[{"id":1945,"href":"https:\/\/encuentroinformativo.com.mx\/index.php?rest_route=\/wp\/v2\/posts\/1943\/revisions\/1945"}],"wp:featuredmedia":[{"embeddable":true,"href":"https:\/\/encuentroinformativo.com.mx\/index.php?rest_route=\/wp\/v2\/media\/1944"}],"wp:attachment":[{"href":"https:\/\/encuentroinformativo.com.mx\/index.php?rest_route=%2Fwp%2Fv2%2Fmedia&parent=1943"}],"wp:term":[{"taxonomy":"category","embeddable":true,"href":"https:\/\/encuentroinformativo.com.mx\/index.php?rest_route=%2Fwp%2Fv2%2Fcategories&post=1943"},{"taxonomy":"post_tag","embeddable":true,"href":"https:\/\/encuentroinformativo.com.mx\/index.php?rest_route=%2Fwp%2Fv2%2Ftags&post=1943"}],"curies":[{"name":"wp","href":"https:\/\/api.w.org\/{rel}","templated":true}]}}