{"id":19432,"date":"2021-10-16T19:38:29","date_gmt":"2021-10-17T00:38:29","guid":{"rendered":"https:\/\/encuentroinformativo.com.mx\/?p=19432"},"modified":"2021-10-16T19:38:33","modified_gmt":"2021-10-17T00:38:33","slug":"defienden-labor-de-medicos-cubanos-en-mexico","status":"publish","type":"post","link":"https:\/\/encuentroinformativo.com.mx\/?p=19432","title":{"rendered":"Defienden labor de m\u00e9dicos cubanos en M\u00e9xico"},"content":{"rendered":"\n<p><strong>Dar\u00edo Pale<\/strong><\/p>\n\n\n\n<p>Xalapa, Ver.- Es muy lamentable que se haya criticado la participaci\u00f3n del personal de salud que lleg\u00f3 a M\u00e9xico procedente de Cuba para apoyar el combate a la pandemia del COVID-19, as\u00ed lo se\u00f1al\u00f3 el gobernador de Veracruz Cuitl\u00e1huac Garc\u00eda Jim\u00e9nez.<\/p>\n\n\n\n<p>Durante su discurso en el encuentro entre el Ministerio de Cultura de Cuba y la SEV, presumi\u00f3 que el grupo de m\u00e9dicos cubanos vino a salvar vidas cuando no hab\u00eda vacuna.<\/p>\n\n\n\n<p>&#8220;Alguien, mexicano, quiso poner en duda el profesionalismo con que estuvieron aqu\u00ed, este gran grupo, salvando vidas. El n\u00famero de vidas que salvaron, se sab\u00eda exactamente cu\u00e1ntas, fue muy importante por la intervenci\u00f3n directa de un m\u00e9dico cubano&#8221;, se\u00f1al\u00f3.<\/p>\n\n\n\n<p>&#8220;Yo recib\u00ed el informe tanto de la Secretar\u00eda de Salud del Estado como tambi\u00e9n del C\u00f3nsul, que me hicieron llegar cu\u00e1nto hab\u00eda significado en vidas esta intervenci\u00f3n del pueblo de Cuba aqu\u00ed&#8221;, agreg\u00f3.<\/p>\n\n\n\n<p>Por lo anterior agradeci\u00f3 al pueblo cubano por su apoyo, as\u00ed solo hubieran salvado una sola vida.<\/p>\n\n\n\n<p>Hay que recordar que el senador Julen Rementer\u00eda afirm\u00f3 que \u201cno hay una sola evidencia de que los 585 cubanos que el Gobierno Federal y el de la Ciudad de M\u00e9xico trajeron a nuestro pa\u00eds para que se sumaran a la atenci\u00f3n de la contingencia sanitaria ocasionada por el COVID 19 cuenten con t\u00edtulo profesional\u201d.<\/p>\n\n\n\n<p>El Senador afirm\u00f3 que llev\u00f3 a cabo una investigaci\u00f3n durante seis meses, sustentada en documentos oficiales emitidos por dependencias e instituciones de los propios gobiernos de Morena, as\u00ed como \u00f3rganos aut\u00f3nomos de arbitraje m\u00e9dico.<\/p>\n\n\n\n<p>En dicha investigaci\u00f3n denominada \u201cCubagate\u201d, Rementer\u00eda del Puerto dijo que \u201cel gobierno del presidente L\u00f3pez Obrador, el de Claudia Sheinbaum y el del presidente de Cuba, Miguel D\u00edaz Canel, orquestaron un fraude de 255 millones 873 mil 177 pesos al presupuesto de salud.<\/p>\n\n\n\n<p>Finalmente sostuvo que contrataron 585 falsos m\u00e9dicos (que no tienen t\u00edtulo) para tratar pacientes mexicanos de COVID.<\/p>\n","protected":false},"excerpt":{"rendered":"<p>Dar\u00edo Pale Xalapa, Ver.- Es muy lamentable que se haya criticado la participaci\u00f3n del personal de salud que lleg\u00f3 a M\u00e9xico procedente de Cuba para apoyar el combate a la pandemia del COVID-19, as\u00ed lo se\u00f1al\u00f3 el gobernador de Veracruz Cuitl\u00e1huac Garc\u00eda Jim\u00e9nez. Durante su discurso en el encuentro entre el Ministerio de Cultura de [&hellip;]<\/p>\n","protected":false},"author":1,"featured_media":19433,"comment_status":"open","ping_status":"open","sticky":false,"template":"","format":"standard","meta":{"_jetpack_memberships_contains_paid_content":false,"footnotes":""},"categories":[2],"tags":[],"class_list":["post-19432","post","type-post","status-publish","format-standard","has-post-thumbnail","hentry","category-estado"],"jetpack_featured_media_url":"https:\/\/encuentroinformativo.com.mx\/wp-content\/uploads\/2021\/10\/8508E845-6890-40B8-8067-7AC578085D52.jpeg","jetpack_sharing_enabled":true,"jetpack_likes_enabled":true,"amp_enabled":true,"_links":{"self":[{"href":"https:\/\/encuentroinformativo.com.mx\/index.php?rest_route=\/wp\/v2\/posts\/19432","targetHints":{"allow":["GET"]}}],"collection":[{"href":"https:\/\/encuentroinformativo.com.mx\/index.php?rest_route=\/wp\/v2\/posts"}],"about":[{"href":"https:\/\/encuentroinformativo.com.mx\/index.php?rest_route=\/wp\/v2\/types\/post"}],"author":[{"embeddable":true,"href":"https:\/\/encuentroinformativo.com.mx\/index.php?rest_route=\/wp\/v2\/users\/1"}],"replies":[{"embeddable":true,"href":"https:\/\/encuentroinformativo.com.mx\/index.php?rest_route=%2Fwp%2Fv2%2Fcomments&post=19432"}],"version-history":[{"count":1,"href":"https:\/\/encuentroinformativo.com.mx\/index.php?rest_route=\/wp\/v2\/posts\/19432\/revisions"}],"predecessor-version":[{"id":19434,"href":"https:\/\/encuentroinformativo.com.mx\/index.php?rest_route=\/wp\/v2\/posts\/19432\/revisions\/19434"}],"wp:featuredmedia":[{"embeddable":true,"href":"https:\/\/encuentroinformativo.com.mx\/index.php?rest_route=\/wp\/v2\/media\/19433"}],"wp:attachment":[{"href":"https:\/\/encuentroinformativo.com.mx\/index.php?rest_route=%2Fwp%2Fv2%2Fmedia&parent=19432"}],"wp:term":[{"taxonomy":"category","embeddable":true,"href":"https:\/\/encuentroinformativo.com.mx\/index.php?rest_route=%2Fwp%2Fv2%2Fcategories&post=19432"},{"taxonomy":"post_tag","embeddable":true,"href":"https:\/\/encuentroinformativo.com.mx\/index.php?rest_route=%2Fwp%2Fv2%2Ftags&post=19432"}],"curies":[{"name":"wp","href":"https:\/\/api.w.org\/{rel}","templated":true}]}}