{"id":19443,"date":"2021-10-17T16:30:35","date_gmt":"2021-10-17T21:30:35","guid":{"rendered":"https:\/\/encuentroinformativo.com.mx\/?p=19443"},"modified":"2021-10-17T16:30:38","modified_gmt":"2021-10-17T21:30:38","slug":"productores-esperan-repunte-en-ventas-de-flor-de-cempasuchil","status":"publish","type":"post","link":"https:\/\/encuentroinformativo.com.mx\/?p=19443","title":{"rendered":"Productores esperan repunte en ventas de flor de cempas\u00fachil"},"content":{"rendered":"\n<p><strong>Juan Arcos <\/strong><\/p>\n\n\n\n<p>Naolinco, Ver.- La producci\u00f3n de flor de cempas\u00fachil en la comunidad San Pablo Coapan, municipio de Naolinco, se retras\u00f3 durante esta temporada por las fuertes lluvias en la zona.<\/p>\n\n\n\n<p>El campesino Rodolfo Arellano indic\u00f3 que tambi\u00e9n registraron afectaciones en sus cultivos por la plaga de larvas conocida como \u201cgallina ciega\u201d.<\/p>\n\n\n\n<p>\u201cHay planteles que todav\u00eda est\u00e1n en bot\u00f3n, van lentas por tanta lluvia que hubo. Algunas las tenemos ya casi para el corte, pero hay unas que van atrasadas, por tanta lluvia que tuvimos. Tambi\u00e9n las plagas que nos atacaron, sembr\u00e1bamos y se la com\u00edan y por eso se afect\u00f3 el ciclo de plantaci\u00f3n\u201d.<\/p>\n\n\n\n<p>Los productores est\u00e1n a la espera de que arriben los compradores de su producto para la celebraci\u00f3n del D\u00eda de Muertos.<\/p>\n\n\n\n<p>Don Rodolfo indic\u00f3 que en estas fechas comienzan a llegar personas con intenciones de adquirir todo el cultivo de algunos productores.<\/p>\n\n\n\n<p>Sin embargo, a partir del pr\u00f3ximo 25 de octubre arriban al sitio tambi\u00e9n personas que buscan la flor cortada para transportarla a distintas localidades de la regi\u00f3n capital del estado.<\/p>\n\n\n\n<p>\u201cVamos a tener flor pero ya durante los \u00faltimos d\u00edas de venta, empiezan las ventas el 25 de octubre y se sigue ya hasta los \u00faltimos d\u00edas (del mes), a veces ya no tenemos qu\u00e9 venderles porque se nos acaba pero ahorita s\u00ed va a haber porque no se lleg\u00f3 a su tiempo\u201d.<\/p>\n\n\n\n<p>Rodolfo Arellano record\u00f3 que el a\u00f1o pasado se registraron buenas ventas y por ello durante este 2021 m\u00e1s pobladores decidieron sembrar la flor de cempas\u00fachil.<\/p>\n\n\n\n<p>\u201cHace un a\u00f1o tuvimos una buena venta y por eso la gente se anim\u00f3 m\u00e1s para ayudarse en su bolsillo, ahorita con la pandemia los bolsillos quedaron muy golpeados, por eso la gente se anim\u00f3, gente que no sembraba, tambi\u00e9n sembr\u00f3, lo que nos fall\u00f3 fue por las plagas que tuvimos\u201d.<\/p>\n\n\n\n<p>La flor de cempas\u00fachil de San Pablo Coapan se comercializa en distintos municipios de la regi\u00f3n como Xalapa, Xico, Jilotepec, Coatepec, Naolinco, Coacoatzintla, Banderilla y Veracruz.<\/p>\n","protected":false},"excerpt":{"rendered":"<p>Juan Arcos Naolinco, Ver.- La producci\u00f3n de flor de cempas\u00fachil en la comunidad San Pablo Coapan, municipio de Naolinco, se retras\u00f3 durante esta temporada por las fuertes lluvias en la zona. El campesino Rodolfo Arellano indic\u00f3 que tambi\u00e9n registraron afectaciones en sus cultivos por la plaga de larvas conocida como \u201cgallina ciega\u201d. \u201cHay planteles que [&hellip;]<\/p>\n","protected":false},"author":1,"featured_media":19444,"comment_status":"open","ping_status":"open","sticky":false,"template":"","format":"standard","meta":{"_jetpack_memberships_contains_paid_content":false,"footnotes":""},"categories":[8],"tags":[],"class_list":["post-19443","post","type-post","status-publish","format-standard","has-post-thumbnail","hentry","category-region"],"jetpack_featured_media_url":"https:\/\/encuentroinformativo.com.mx\/wp-content\/uploads\/2021\/10\/1FF38FA0-E33A-46A8-8E10-BCCDE056D21C.jpeg","jetpack_sharing_enabled":true,"jetpack_likes_enabled":true,"amp_enabled":true,"_links":{"self":[{"href":"https:\/\/encuentroinformativo.com.mx\/index.php?rest_route=\/wp\/v2\/posts\/19443","targetHints":{"allow":["GET"]}}],"collection":[{"href":"https:\/\/encuentroinformativo.com.mx\/index.php?rest_route=\/wp\/v2\/posts"}],"about":[{"href":"https:\/\/encuentroinformativo.com.mx\/index.php?rest_route=\/wp\/v2\/types\/post"}],"author":[{"embeddable":true,"href":"https:\/\/encuentroinformativo.com.mx\/index.php?rest_route=\/wp\/v2\/users\/1"}],"replies":[{"embeddable":true,"href":"https:\/\/encuentroinformativo.com.mx\/index.php?rest_route=%2Fwp%2Fv2%2Fcomments&post=19443"}],"version-history":[{"count":1,"href":"https:\/\/encuentroinformativo.com.mx\/index.php?rest_route=\/wp\/v2\/posts\/19443\/revisions"}],"predecessor-version":[{"id":19445,"href":"https:\/\/encuentroinformativo.com.mx\/index.php?rest_route=\/wp\/v2\/posts\/19443\/revisions\/19445"}],"wp:featuredmedia":[{"embeddable":true,"href":"https:\/\/encuentroinformativo.com.mx\/index.php?rest_route=\/wp\/v2\/media\/19444"}],"wp:attachment":[{"href":"https:\/\/encuentroinformativo.com.mx\/index.php?rest_route=%2Fwp%2Fv2%2Fmedia&parent=19443"}],"wp:term":[{"taxonomy":"category","embeddable":true,"href":"https:\/\/encuentroinformativo.com.mx\/index.php?rest_route=%2Fwp%2Fv2%2Fcategories&post=19443"},{"taxonomy":"post_tag","embeddable":true,"href":"https:\/\/encuentroinformativo.com.mx\/index.php?rest_route=%2Fwp%2Fv2%2Ftags&post=19443"}],"curies":[{"name":"wp","href":"https:\/\/api.w.org\/{rel}","templated":true}]}}