{"id":19446,"date":"2021-10-18T09:20:19","date_gmt":"2021-10-18T14:20:19","guid":{"rendered":"https:\/\/encuentroinformativo.com.mx\/?p=19446"},"modified":"2021-10-18T09:20:22","modified_gmt":"2021-10-18T14:20:22","slug":"el-rosa-tambien-es-de-ellos","status":"publish","type":"post","link":"https:\/\/encuentroinformativo.com.mx\/?p=19446","title":{"rendered":"El rosa tambi\u00e9n es de ellos"},"content":{"rendered":"\n<p><strong>N\u00fameros Rojos<\/strong><\/p>\n\n\n\n<p><strong>Brenda Caballero<\/strong><\/p>\n\n\n\n<p>A\u00fan recuerda a su abuela quejarse por las noches. Do\u00f1a Andrea ten\u00eda c\u00e1ncer cervicouterino. Muri\u00f3 joven, despu\u00e9s de los cuarenta. Omar Tapia Galv\u00e1n ten\u00eda apenas 8 a\u00f1os. \u201cEs muy doloroso ver a una persona o ser querido padecer de c\u00e1ncer, me doli\u00f3 mucho la muerte de mi abuela\u201d.<\/p>\n\n\n\n<p>Omar es Ingeniero Civil aunque su pasi\u00f3n es la bater\u00eda. Es m\u00fasico. A sus 56 a\u00f1os a\u00fan le sigue generando un dejav\u00fa do\u00f1a Andrea, es por ello que se ha concentrado en apoyar al Grupo Juvec\u00e1n (Juntas Venciendo el C\u00e1ncer) Coatepec. Es voluntario.<\/p>\n\n\n\n<p>\u00bfUn hombre apoyando a un grupo de mujeres sobrevivientes o que luchan contra el c\u00e1ncer de mama?, le pregunto. Omar recuerda que conoci\u00f3 a la Doctora Rogelia L\u00f3pez Ocampo, Presidenta del Grupo Juvec\u00e1n Coatepec, a trav\u00e9s de la Asociaci\u00f3n Civil Prodese, pues \u00e9l apoy\u00f3 en la parte t\u00e9cnica de los ultrasonidos. \u201cDesde que conoc\u00ed a la doctora y al grupo me enganch\u00e9, su actitud ante la vida es diferente, son las personas m\u00e1s valientes que conozco, te dan lecciones de vida\u201d.<\/p>\n\n\n\n<p>&nbsp;Omar poco a poco se integr\u00f3 al grupo, apoy\u00f3 con el logo de Juvec\u00e1n y su labor durante la pandemia de Covid 19 se acentu\u00f3 m\u00e1s al grado que se volvi\u00f3 un pilar en las sesiones virtuales.<\/p>\n\n\n\n<p>Antes de la pandemia, las integrantes de Juvec\u00e1n hac\u00edan reuniones presenciales catorcenales, donde se retroalimentaban sobre el c\u00e1ncer de mama y hasta se daban \u00e1nimos, tanto a las sobrevivientes como a sus nuevos miembros. Con la pandemia todo eso se cancel\u00f3, pero no se acab\u00f3. Son guerreras y como tal empezaron con las sesiones virtuales aunque fue bastante complicado, pues hab\u00eda integrantes que jam\u00e1s en su vida hab\u00edan ingresado a una reuni\u00f3n de zoom. Y all\u00ed estaba Omar, de apoyo, de instructor de gu\u00eda: \u00bfNo pueden ingresar?\u00bfTienen problemas t\u00e9cnicos? Comun\u00edquense con Omar.<\/p>\n\n\n\n<p>Al d\u00eda de hoy, el Grupo Juvec\u00e1n lleva 31 reuniones virtuales, y hasta una gu\u00eda paso a paso que realiz\u00f3 Omar para acceder a las sesiones, para que todas las mujeres que necesiten informaci\u00f3n y apoyo moral sobre el c\u00e1ncer de mama, no se queden sin \u00e9l. \u201cCuando tienes c\u00e1ncer, el mundo se te viene encima, necesitas ayuda, apoyo para poder sobrevivir\u201d, afirma Omar.<\/p>\n\n\n\n<p>Aunque refiere que hay mujeres que a\u00fan se coh\u00edben porque en un grupo de c\u00e1ncer de mama est\u00e9 \u00e9l de voluntario, no dejar\u00e1 de apoyar a \u201csus mujeres\u201d, como cari\u00f1osamente les llama.<\/p>\n\n\n\n<p>A pesar de que el c\u00e1ncer de mama tambi\u00e9n se manifiesta en varones, ellos son m\u00e1s renuentes a informarse o a tratarse. \u201cPereciera que ponen una barrera, las mujeres son m\u00e1s valientes\u201d, comenta.<\/p>\n\n\n\n<p>\u201cAntes dec\u00edas \u2018c\u00e1ncer\u2019 y era sin\u00f3nimo de muerte; hoy es m\u00e1s f\u00e1cil de vencer con la Autoexploraci\u00f3n que puede salvar tu vida y que aplica tanto a hombres como a mujeres\u201d.<\/p>\n\n\n\n<p>Es verdad, el c\u00e1ncer de mama no solo es cosa de mujeres; los hombres tambi\u00e9n se est\u00e1n enfermando, por eso celebro que se incluya el testimonio del doctor Juan Carlos Serio Silva en la Quinta Jornada de Embelleci\u00e9ndome durante el C\u00e1ncer que organiza Vanesa Cambranis y que se transmitir\u00e1 en vivo el pr\u00f3ximo 21 de Octubre por Facebook a trav\u00e9s del link <a href=\"http:\/\/www.facebook.com\/EmbelleciendomeDuranteElCancer\" target=\"_blank\" rel=\"noreferrer noopener\">www.facebook.com\/EmbelleciendomeDuranteElCancer<\/a><\/p>\n\n\n\n<p>Desde hace cinco a\u00f1os, Vanessa es la creadora del \u00fanico evento a nivel nacional que impulsa y fomenta que con actitud se puede cambiar la historia de tu vida. Considera que el c\u00e1ncer no debe ser un impedimento para conectarse con la feminidad, \u201cHay que empoderar desde la parte de la autoestima, cambiar la perspectiva del c\u00e1ncer y no solamente decir que es sin\u00f3nimo de muerte\u201d.&nbsp;<\/p>\n\n\n\n<p>Esta quinta edici\u00f3n por primera vez se incluye testimonio del c\u00e1ncer en varones, pues el c\u00e1ncer de mama \u201cNo distingue sexo\u201d.<\/p>\n\n\n\n<p>Aparte del testimonio del Doctor Serio Silva, se contar\u00e1 con el de la doctora Rogelia L\u00f3pez Ocampo.<\/p>\n\n\n\n<p>Vanessa ha buscado un panel de expertos y expertas que responder\u00e1n a las dudas e incertidumbre que tienen los pacientes que padecen c\u00e1ncer de mama. Entre ellas Lil\u00ed Hern\u00e1ndez, Cofundadora Bonne Sabonne que impartir\u00e1 la conferencia \u201cConociendo la Cosm\u00e9tica Oncol\u00f3gica\u201d; la nutri\u00f3loga Paola Castellanos con \u201cAlim\u00e9ntate y S\u00e1nate\u201d junto con el Chef V\u00edctor Hugo Rodr\u00edguez. La fisicoterapeuta Gaby Arag\u00f3n platicar\u00e1 sobre el \u201cDrenaje Linf\u00e1tico Manual\u201d. Armando Vazquez CEO Barber\u00eda Qui\u00e9n Sigue, con la charla \u201cMe veo bien, me siento bien&#8221; as\u00ed como el compositor Manuel Monforte que estar\u00e1 amenizando el evento.<\/p>\n\n\n\n<p>@NumerosRojos_BC<\/p>\n\n\n\n<p><a href=\"mailto:caballero_brenda@hotmail.com\" target=\"_blank\" rel=\"noreferrer noopener\">caballero_brenda@hotmail.com<\/a><\/p>\n","protected":false},"excerpt":{"rendered":"<p>N\u00fameros Rojos Brenda Caballero A\u00fan recuerda a su abuela quejarse por las noches. Do\u00f1a Andrea ten\u00eda c\u00e1ncer cervicouterino. Muri\u00f3 joven, despu\u00e9s de los cuarenta. Omar Tapia Galv\u00e1n ten\u00eda apenas 8 a\u00f1os. \u201cEs muy doloroso ver a una persona o ser querido padecer de c\u00e1ncer, me doli\u00f3 mucho la muerte de mi abuela\u201d. Omar es Ingeniero [&hellip;]<\/p>\n","protected":false},"author":1,"featured_media":387,"comment_status":"open","ping_status":"open","sticky":false,"template":"","format":"standard","meta":{"_jetpack_memberships_contains_paid_content":false,"footnotes":""},"categories":[11],"tags":[],"class_list":["post-19446","post","type-post","status-publish","format-standard","has-post-thumbnail","hentry","category-opinion"],"jetpack_featured_media_url":"https:\/\/encuentroinformativo.com.mx\/wp-content\/uploads\/2020\/03\/7CF8A22B-2764-47BE-8F7F-38FE9E5D6A2F.jpeg","jetpack_sharing_enabled":true,"jetpack_likes_enabled":true,"amp_enabled":true,"_links":{"self":[{"href":"https:\/\/encuentroinformativo.com.mx\/index.php?rest_route=\/wp\/v2\/posts\/19446","targetHints":{"allow":["GET"]}}],"collection":[{"href":"https:\/\/encuentroinformativo.com.mx\/index.php?rest_route=\/wp\/v2\/posts"}],"about":[{"href":"https:\/\/encuentroinformativo.com.mx\/index.php?rest_route=\/wp\/v2\/types\/post"}],"author":[{"embeddable":true,"href":"https:\/\/encuentroinformativo.com.mx\/index.php?rest_route=\/wp\/v2\/users\/1"}],"replies":[{"embeddable":true,"href":"https:\/\/encuentroinformativo.com.mx\/index.php?rest_route=%2Fwp%2Fv2%2Fcomments&post=19446"}],"version-history":[{"count":1,"href":"https:\/\/encuentroinformativo.com.mx\/index.php?rest_route=\/wp\/v2\/posts\/19446\/revisions"}],"predecessor-version":[{"id":19447,"href":"https:\/\/encuentroinformativo.com.mx\/index.php?rest_route=\/wp\/v2\/posts\/19446\/revisions\/19447"}],"wp:featuredmedia":[{"embeddable":true,"href":"https:\/\/encuentroinformativo.com.mx\/index.php?rest_route=\/wp\/v2\/media\/387"}],"wp:attachment":[{"href":"https:\/\/encuentroinformativo.com.mx\/index.php?rest_route=%2Fwp%2Fv2%2Fmedia&parent=19446"}],"wp:term":[{"taxonomy":"category","embeddable":true,"href":"https:\/\/encuentroinformativo.com.mx\/index.php?rest_route=%2Fwp%2Fv2%2Fcategories&post=19446"},{"taxonomy":"post_tag","embeddable":true,"href":"https:\/\/encuentroinformativo.com.mx\/index.php?rest_route=%2Fwp%2Fv2%2Ftags&post=19446"}],"curies":[{"name":"wp","href":"https:\/\/api.w.org\/{rel}","templated":true}]}}