{"id":19448,"date":"2021-10-18T09:48:42","date_gmt":"2021-10-18T14:48:42","guid":{"rendered":"https:\/\/encuentroinformativo.com.mx\/?p=19448"},"modified":"2021-10-18T09:48:50","modified_gmt":"2021-10-18T14:48:50","slug":"la-pluri-del-caron-y-las-carretillas","status":"publish","type":"post","link":"https:\/\/encuentroinformativo.com.mx\/?p=19448","title":{"rendered":"La Pluri del Car\u00f3n y las carretillas"},"content":{"rendered":"\n<p><strong>Los Pol\u00edticos<\/strong>\u00a0<\/p>\n\n\n\n<p><strong>Salvador Mu\u00f1oz<\/strong><\/p>\n\n\n\n<p>El caso de la pluri de G\u00f3mez Cazar\u00edn, donde muchos se han desgarrado las vestiduras por los espacios de las mujeres, me recuerda en mucho el cuento del obrero con la carretilla:<\/p>\n\n\n\n<p>Al final de la jornada, el obrero sali\u00f3 de la obra con una carretilla. En ella llevaba una bolsita de pl\u00e1stico oscura. El vigilante lo detiene y le pregunta qu\u00e9 lleva en esa bolsa, a lo que responde el obrero: \u201cun poco de aserr\u00edn, para calentar el boiler\u201d. Le pide que abra la bolsa y al confirmarlo, lo deja pasar.<\/p>\n\n\n\n<p>Al d\u00eda siguiente, al final de la jornada, el obrero con la carretilla pasa la misma aduana. Abre la bolsa, \u00a1y aserr\u00edn! La historia se repite durante dos semanas hasta que el vigilante de plano le dice: \u201cNo s\u00e9 d\u00f3nde est\u00e1 la trampa, pero se me hace muy raro que siempre saques una bolsita de aserr\u00edn cuando podr\u00edas llevarte m\u00e1s cosas en esa carretilla\u2026 por favor, no te voy a denunciar, pero dime realmente lo que est\u00e1s haciendo\u201d.<\/p>\n\n\n\n<p>El obrero se acerc\u00f3 al o\u00eddo del vigilante y le dijo: \u201cMe robo carretillas\u201d.<\/p>\n\n\n\n<p>\u00bfY en qu\u00e9 se parece la Pluri de G\u00f3mez Cazar\u00edn y esta historia? Ac\u00e1 tambi\u00e9n les cuento:&nbsp;<\/p>\n\n\n\n<p>La Pluri de Juan Javier G\u00f3mez Cazar\u00edn estaba presupuestada despu\u00e9s de que en San L\u00e1zaro aplicaran la paridad de g\u00e9nero a Javier Herrera Borunda, quien tuvo que ceder su espacio para una compa\u00f1era del Verde.<\/p>\n\n\n\n<p>El pecado del PVEM fue postular a las curules federales al menor n\u00famero de candidatas, mismo fen\u00f3meno que se repiti\u00f3 en las elecciones locales de Veracruz para diputados, aunque el PT estaba en las mismas condiciones\u2026 es decir, era entre el partido Verde y el del Trabajo que uno de sus varones cediera su espacio a una mujer. \u00bfPor qu\u00e9 le toc\u00f3 al PVEM? eso lo tendr\u00e1 que justificar y argumentar el OPLE, pero al haber una mujer pluri en cualquier otro partido, las fuerzas por g\u00e9nero se equilibran sin alterar para nada los espacios correspondientes a las Morenas\u2026<\/p>\n\n\n\n<p>Por otro lado, si bien este s\u00e1bado tuvo doble festejo G\u00f3mez Cazar\u00edn por la similitud de los casos (un triunfo del Am\u00e9rica al \u00faltimo minuto, como su pluri, en el \u00faltimo minuto), a\u00fan no se canta victoria porque los boludos esperan ahora dos cosas:<\/p>\n\n\n\n<p>La primera, ver qui\u00e9n impugna la decisi\u00f3n del OPLE por haber entrado G\u00f3mez Cazar\u00edn como Pluri en espera de tumbarlo en Tribunales\u2026<\/p>\n\n\n\n<p>La segunda, apretar a los diputados locales de Morena para que \u201cpor acuerdo\u201d, Sergio Guzm\u00e1n Ric\u00e1rdez, a quien identifican con Roc\u00edo Nahle, sea impulsado para ser el pr\u00f3ximo Jucopo.<\/p>\n\n\n\n<p>La l\u00f3gica nos dice que teniendo ya la experiencia, Juan Javier G\u00f3mez Cazar\u00edn bien podr\u00eda repetir en la Junta de Coordinaci\u00f3n Pol\u00edtica, pero Morena y los boludos ya nos han demostrado que vale m\u00e1s un 90 por ciento de sumisi\u00f3n, docilidad, complicidad, que capacidad, conocimiento o experiencia, y si no, que nos lo diga Amado Cruz Malpica.<\/p>\n\n\n\n<p>Otro dato: Si llega Guzm\u00e1n Ric\u00e1rdez a la Jucopo, se deja expuesto lo que todo mundo sospecha: tener un Gobernador de membrete, de jarr\u00f3n, para que Bola 8 casi tenga el control total del Gobierno\u2026 le faltan dos detallitos: El Congreso a trav\u00e9s de la Jucopo que casi lo ara\u00f1a; y Sefiplan, donde el primo Eleazar y Jos\u00e9 Luis Lima Franco se lo han impedido.<\/p>\n\n\n\n<p>En pocas palabras, en t\u00e9rminos electorales, la Pluri del Car\u00f3n ya estaba presupuestada desde que filtraron una lista con 24 diputadas y 26 diputados\u2026 hab\u00eda que sacar a un var\u00f3n y ten\u00eda que ser el que menos apost\u00f3 a las mujeres como candidatas: PVEM o PT&#8230; eso, insisto, estaba presupuestado&#8230;<\/p>\n\n\n\n<p>Lo que no estaba dentro del presupuesto era sacar a Adri\u00e1n Avila, quitarle a Movimiento Ciudadano una curul, que genera que el PAN tuviera un espacio para un var\u00f3n en la figura de Bingen\u2026<\/p>\n\n\n\n<p>Igual, el OPLE tendr\u00e1 que justificar y argumentar ese espacio para uno como restarle el espacio para otro por las consecuencias que, de avalarse el resolutivo, tendr\u00e1 para el partido naranja: lo dejan desbancado!<\/p>\n\n\n\n<p>La inclusi\u00f3n de Bingen en la bancada del PAN \u00bfdeja a Ana Cristina Ledesma fuera de la jugada? Creo que no, porque con Adri\u00e1n, s\u00f3lo hubo cambalache de g\u00e9nero. Lo cierto es que parece que la inclusi\u00f3n de Bingen es para posicionar a los Chapitos legislativos antes de que Cambranis (del equipo contrario) le cante al o\u00eddo a Itzel Yescas y amarre con Ver\u00f3nica Pulido (a quien vinculan con los Yunes).<\/p>\n\n\n\n<p>Al final, el OPLE tendr\u00e1 que demostrar los motivos para que Movimiento Ciudadano haya perdido no s\u00f3lo un diputado, sino la conformaci\u00f3n natural de una bancada, lo que al final, de darse, de cierto modo es restarle poder al partido naranja en el Congreso\u2026<\/p>\n\n\n\n<p>Entonces, para los boludos y dem\u00e1s \u201cfeministos\u201d que est\u00e1n al pendiente por empa\u00f1ar de cualquier modo la pluri del Car\u00f3n, parece que est\u00e1n viendo s\u00f3lo una bolsa de aserr\u00edn, mientras que las carretillas est\u00e1n en Movimiento Ciudadano y en el PAN.<\/p>\n\n\n\n<p><a href=\"mailto:smcainito@gmail.com\" target=\"_blank\" rel=\"noreferrer noopener\">smcainito@gmail.com<\/a><\/p>\n","protected":false},"excerpt":{"rendered":"<p>Los Pol\u00edticos\u00a0 Salvador Mu\u00f1oz El caso de la pluri de G\u00f3mez Cazar\u00edn, donde muchos se han desgarrado las vestiduras por los espacios de las mujeres, me recuerda en mucho el cuento del obrero con la carretilla: Al final de la jornada, el obrero sali\u00f3 de la obra con una carretilla. En ella llevaba una bolsita [&hellip;]<\/p>\n","protected":false},"author":1,"featured_media":387,"comment_status":"open","ping_status":"open","sticky":false,"template":"","format":"standard","meta":{"_jetpack_memberships_contains_paid_content":false,"footnotes":""},"categories":[11],"tags":[],"class_list":["post-19448","post","type-post","status-publish","format-standard","has-post-thumbnail","hentry","category-opinion"],"jetpack_featured_media_url":"https:\/\/encuentroinformativo.com.mx\/wp-content\/uploads\/2020\/03\/7CF8A22B-2764-47BE-8F7F-38FE9E5D6A2F.jpeg","jetpack_sharing_enabled":true,"jetpack_likes_enabled":true,"amp_enabled":true,"_links":{"self":[{"href":"https:\/\/encuentroinformativo.com.mx\/index.php?rest_route=\/wp\/v2\/posts\/19448","targetHints":{"allow":["GET"]}}],"collection":[{"href":"https:\/\/encuentroinformativo.com.mx\/index.php?rest_route=\/wp\/v2\/posts"}],"about":[{"href":"https:\/\/encuentroinformativo.com.mx\/index.php?rest_route=\/wp\/v2\/types\/post"}],"author":[{"embeddable":true,"href":"https:\/\/encuentroinformativo.com.mx\/index.php?rest_route=\/wp\/v2\/users\/1"}],"replies":[{"embeddable":true,"href":"https:\/\/encuentroinformativo.com.mx\/index.php?rest_route=%2Fwp%2Fv2%2Fcomments&post=19448"}],"version-history":[{"count":1,"href":"https:\/\/encuentroinformativo.com.mx\/index.php?rest_route=\/wp\/v2\/posts\/19448\/revisions"}],"predecessor-version":[{"id":19449,"href":"https:\/\/encuentroinformativo.com.mx\/index.php?rest_route=\/wp\/v2\/posts\/19448\/revisions\/19449"}],"wp:featuredmedia":[{"embeddable":true,"href":"https:\/\/encuentroinformativo.com.mx\/index.php?rest_route=\/wp\/v2\/media\/387"}],"wp:attachment":[{"href":"https:\/\/encuentroinformativo.com.mx\/index.php?rest_route=%2Fwp%2Fv2%2Fmedia&parent=19448"}],"wp:term":[{"taxonomy":"category","embeddable":true,"href":"https:\/\/encuentroinformativo.com.mx\/index.php?rest_route=%2Fwp%2Fv2%2Fcategories&post=19448"},{"taxonomy":"post_tag","embeddable":true,"href":"https:\/\/encuentroinformativo.com.mx\/index.php?rest_route=%2Fwp%2Fv2%2Ftags&post=19448"}],"curies":[{"name":"wp","href":"https:\/\/api.w.org\/{rel}","templated":true}]}}