{"id":19456,"date":"2021-10-18T13:32:52","date_gmt":"2021-10-18T18:32:52","guid":{"rendered":"https:\/\/encuentroinformativo.com.mx\/?p=19456"},"modified":"2021-10-18T13:32:55","modified_gmt":"2021-10-18T18:32:55","slug":"desestima-gobernador-protestas-contra-cazarin-culpa-a-demas-partidos","status":"publish","type":"post","link":"https:\/\/encuentroinformativo.com.mx\/?p=19456","title":{"rendered":"Desestima Gobernador protestas contra Cazar\u00edn; culpa a dem\u00e1s partidos"},"content":{"rendered":"\n<p><strong>Redacci\u00f3n<\/strong><\/p>\n\n\n\n<p>Xalapa, Ver.- El gobernador Cuitl\u00e1huac Garc\u00eda Jim\u00e9nez desestim\u00f3 las protestas realizadas por grupos de mujeres en contra de la designaci\u00f3n de Juan Javier G\u00f3mez Cazar\u00edn para que repita como diputado local por la v\u00eda plurinominal abanderado por Morena.<\/p>\n\n\n\n<p>Durante la conferencia de prensa de este lunes, el ejecutivo estatal fue cuestionado sobre las inconformidades generadas por la asignaci\u00f3n de diputados plurinominales aprobada por el Organismo P\u00fablico Local Electoral (OPLE), ante lo cual se dedic\u00f3 a atacar a los dem\u00e1s dirigentes de partidos pol\u00edticos de quienes dijo son quienes encabezan la lista.<\/p>\n\n\n\n<p>Ante ello opt\u00f3 por defender la paridad para la pr\u00f3xima legislatura destacando que \u201cser\u00e1n m\u00e1s mujeres\u201d.<\/p>\n\n\n\n<p>\u201cPrimera vez en la historia que el Congreso de Veracruz va a tener m\u00e1s mujeres\u2026 el partido Morena va aportar 13 y los dem\u00e1s partidos, vean, pues claro que les tienen que reclamar las mujeres a esos partidos. Yo estoy con ellas\u201d.<\/p>\n\n\n\n<p>Cuando se trata de los dirigentes de sus partidos en el n\u00famero uno de la lista, si saben qui\u00e9n iba, el dirigente hombre, pues claro que las mujeres les van a reclamar, se\u00f1al\u00f3. Por lo que incluso lanz\u00f3 se\u00f1alamientos en contra de los partidos pol\u00edticos que formaron parte de la alianza con Morena en el pasado proceso electoral.<\/p>\n\n\n\n<p>Garc\u00eda Jim\u00e9nez evit\u00f3 hacer menci\u00f3n del actual presidente de la Junta de Coordinaci\u00f3n Pol\u00edtica (Jucopo), Juan Javier G\u00f3mez Cazar\u00edn a quienes los grupos de mujeres han reprochado ocupar esa posici\u00f3n plurinominal.<\/p>\n","protected":false},"excerpt":{"rendered":"<p>Redacci\u00f3n Xalapa, Ver.- El gobernador Cuitl\u00e1huac Garc\u00eda Jim\u00e9nez desestim\u00f3 las protestas realizadas por grupos de mujeres en contra de la designaci\u00f3n de Juan Javier G\u00f3mez Cazar\u00edn para que repita como diputado local por la v\u00eda plurinominal abanderado por Morena. Durante la conferencia de prensa de este lunes, el ejecutivo estatal fue cuestionado sobre las inconformidades [&hellip;]<\/p>\n","protected":false},"author":1,"featured_media":19457,"comment_status":"open","ping_status":"open","sticky":false,"template":"","format":"standard","meta":{"_jetpack_memberships_contains_paid_content":false,"footnotes":""},"categories":[2],"tags":[],"class_list":["post-19456","post","type-post","status-publish","format-standard","has-post-thumbnail","hentry","category-estado"],"jetpack_featured_media_url":"https:\/\/encuentroinformativo.com.mx\/wp-content\/uploads\/2021\/10\/5D846A0A-A468-4F9A-A27E-9AF195E493BC.jpeg","jetpack_sharing_enabled":true,"jetpack_likes_enabled":true,"amp_enabled":true,"_links":{"self":[{"href":"https:\/\/encuentroinformativo.com.mx\/index.php?rest_route=\/wp\/v2\/posts\/19456","targetHints":{"allow":["GET"]}}],"collection":[{"href":"https:\/\/encuentroinformativo.com.mx\/index.php?rest_route=\/wp\/v2\/posts"}],"about":[{"href":"https:\/\/encuentroinformativo.com.mx\/index.php?rest_route=\/wp\/v2\/types\/post"}],"author":[{"embeddable":true,"href":"https:\/\/encuentroinformativo.com.mx\/index.php?rest_route=\/wp\/v2\/users\/1"}],"replies":[{"embeddable":true,"href":"https:\/\/encuentroinformativo.com.mx\/index.php?rest_route=%2Fwp%2Fv2%2Fcomments&post=19456"}],"version-history":[{"count":1,"href":"https:\/\/encuentroinformativo.com.mx\/index.php?rest_route=\/wp\/v2\/posts\/19456\/revisions"}],"predecessor-version":[{"id":19458,"href":"https:\/\/encuentroinformativo.com.mx\/index.php?rest_route=\/wp\/v2\/posts\/19456\/revisions\/19458"}],"wp:featuredmedia":[{"embeddable":true,"href":"https:\/\/encuentroinformativo.com.mx\/index.php?rest_route=\/wp\/v2\/media\/19457"}],"wp:attachment":[{"href":"https:\/\/encuentroinformativo.com.mx\/index.php?rest_route=%2Fwp%2Fv2%2Fmedia&parent=19456"}],"wp:term":[{"taxonomy":"category","embeddable":true,"href":"https:\/\/encuentroinformativo.com.mx\/index.php?rest_route=%2Fwp%2Fv2%2Fcategories&post=19456"},{"taxonomy":"post_tag","embeddable":true,"href":"https:\/\/encuentroinformativo.com.mx\/index.php?rest_route=%2Fwp%2Fv2%2Ftags&post=19456"}],"curies":[{"name":"wp","href":"https:\/\/api.w.org\/{rel}","templated":true}]}}