{"id":19459,"date":"2021-10-18T14:22:33","date_gmt":"2021-10-18T19:22:33","guid":{"rendered":"https:\/\/encuentroinformativo.com.mx\/?p=19459"},"modified":"2021-10-18T14:22:37","modified_gmt":"2021-10-18T19:22:37","slug":"pri-respeta-paridad-de-genero-dirigente","status":"publish","type":"post","link":"https:\/\/encuentroinformativo.com.mx\/?p=19459","title":{"rendered":"PRI respeta paridad de g\u00e9nero: Dirigente"},"content":{"rendered":"\n<p><strong>Juan Arcos<\/strong><\/p>\n\n\n\n<p>Xalapa, Ver.- El dirigente estatal del Partido Revolucionario Institucional (PRI), Marlon Ram\u00edrez Mar\u00edn, se pronunci\u00f3 a favor de la paridad de g\u00e9nero en la asignaci\u00f3n de las diputaciones locales por la v\u00eda de representaci\u00f3n proporcional a los diferentes organismos pol\u00edticos.<\/p>\n\n\n\n<p>\u201cNosotros consideramos que la asignaci\u00f3n que hizo el OPLE, al respetar el g\u00e9nero femenino, creo que es correcto\u201d, enfatiz\u00f3.<\/p>\n\n\n\n<p>El l\u00edder tricolor recibi\u00f3 la constancia como diputado local por la v\u00eda plurinominal, junto con Anil\u00fa Ingram Vallines y Arianna \u00c1ngeles Aguirre, por parte del Consejo General del Organismo P\u00fablico Local Electoral (OPLE).\u00a0<br>En el lugar, se\u00f1al\u00f3 que la paridad de g\u00e9nero es una realidad que debe hacerse valer y respetarse.<\/p>\n\n\n\n<p>\u201cLa paridad es un tema que lleg\u00f3 para quedarse y somos respetuosos de lo que est\u00e1 establecen las legislaciones y de lo que establece el acuerdo\u201d.<\/p>\n\n\n\n<p>Adem\u00e1s, se\u00f1al\u00f3 que el PRI siempre ha generado acuerdos y consensos en el Congreso local y federal, en beneficio del pueblo.<\/p>\n\n\n\n<p>En ese sentido, declar\u00f3 que su partido ha apoyado iniciativas en el Congreso de la Uni\u00f3n cuando \u00e9stas realmente representan un beneficio para la ciudadan\u00eda, como fue la creaci\u00f3n del Seguro Popular, mismo que desapareci\u00f3 durante el actual gobierno.<\/p>\n\n\n\n<p>\u201cPero hoy que es gobierno el partido en el poder Morena, le pidi\u00f3 a los diputados y Anil\u00fa fue parte de esa bancada en el Congreso federal para que se diera un voto de confianza y los medicamentos, en el momento que estuvieran disponibles para contrarrestar el coronavirus, pudieran dispensarse en el Congreso federal y los diputados del PRI lo hicieron\u201d.<\/p>\n\n\n\n<p>Ram\u00edrez Mar\u00edn, refiri\u00f3 que, en el Congreso de Veracruz, la bancada priista actuar\u00e1 de manera responsable y apoyar\u00e1 los planteamientos que sean analizados y elaborados tomando en cuenta las voces involucradas.<\/p>\n","protected":false},"excerpt":{"rendered":"<p>Juan Arcos Xalapa, Ver.- El dirigente estatal del Partido Revolucionario Institucional (PRI), Marlon Ram\u00edrez Mar\u00edn, se pronunci\u00f3 a favor de la paridad de g\u00e9nero en la asignaci\u00f3n de las diputaciones locales por la v\u00eda de representaci\u00f3n proporcional a los diferentes organismos pol\u00edticos. \u201cNosotros consideramos que la asignaci\u00f3n que hizo el OPLE, al respetar el g\u00e9nero [&hellip;]<\/p>\n","protected":false},"author":1,"featured_media":19460,"comment_status":"open","ping_status":"open","sticky":false,"template":"","format":"standard","meta":{"_jetpack_memberships_contains_paid_content":false,"footnotes":""},"categories":[2],"tags":[],"class_list":["post-19459","post","type-post","status-publish","format-standard","has-post-thumbnail","hentry","category-estado"],"jetpack_featured_media_url":"https:\/\/encuentroinformativo.com.mx\/wp-content\/uploads\/2021\/10\/9AB915D7-D404-4692-A68D-173D5D9FD2AC.jpeg","jetpack_sharing_enabled":true,"jetpack_likes_enabled":true,"amp_enabled":true,"_links":{"self":[{"href":"https:\/\/encuentroinformativo.com.mx\/index.php?rest_route=\/wp\/v2\/posts\/19459","targetHints":{"allow":["GET"]}}],"collection":[{"href":"https:\/\/encuentroinformativo.com.mx\/index.php?rest_route=\/wp\/v2\/posts"}],"about":[{"href":"https:\/\/encuentroinformativo.com.mx\/index.php?rest_route=\/wp\/v2\/types\/post"}],"author":[{"embeddable":true,"href":"https:\/\/encuentroinformativo.com.mx\/index.php?rest_route=\/wp\/v2\/users\/1"}],"replies":[{"embeddable":true,"href":"https:\/\/encuentroinformativo.com.mx\/index.php?rest_route=%2Fwp%2Fv2%2Fcomments&post=19459"}],"version-history":[{"count":1,"href":"https:\/\/encuentroinformativo.com.mx\/index.php?rest_route=\/wp\/v2\/posts\/19459\/revisions"}],"predecessor-version":[{"id":19461,"href":"https:\/\/encuentroinformativo.com.mx\/index.php?rest_route=\/wp\/v2\/posts\/19459\/revisions\/19461"}],"wp:featuredmedia":[{"embeddable":true,"href":"https:\/\/encuentroinformativo.com.mx\/index.php?rest_route=\/wp\/v2\/media\/19460"}],"wp:attachment":[{"href":"https:\/\/encuentroinformativo.com.mx\/index.php?rest_route=%2Fwp%2Fv2%2Fmedia&parent=19459"}],"wp:term":[{"taxonomy":"category","embeddable":true,"href":"https:\/\/encuentroinformativo.com.mx\/index.php?rest_route=%2Fwp%2Fv2%2Fcategories&post=19459"},{"taxonomy":"post_tag","embeddable":true,"href":"https:\/\/encuentroinformativo.com.mx\/index.php?rest_route=%2Fwp%2Fv2%2Ftags&post=19459"}],"curies":[{"name":"wp","href":"https:\/\/api.w.org\/{rel}","templated":true}]}}