{"id":19465,"date":"2021-10-18T14:38:13","date_gmt":"2021-10-18T19:38:13","guid":{"rendered":"https:\/\/encuentroinformativo.com.mx\/?p=19465"},"modified":"2021-10-18T14:38:16","modified_gmt":"2021-10-18T19:38:16","slug":"esperaria-veracruz-puerto-recursos-para-bacheo-alcalde","status":"publish","type":"post","link":"https:\/\/encuentroinformativo.com.mx\/?p=19465","title":{"rendered":"Esperar\u00eda Veracruz puerto, recursos para bacheo: Alcalde"},"content":{"rendered":"\n<p><strong>Alejandro \u00c1vila<\/strong><\/p>\n\n\n\n<p>Veracruz, Ver.- Tras reconocer que el municipio de Veracruz tiene un enorme problema de baches, el alcalde Fernando Yunes M\u00e1rquez, reconoci\u00f3 la iniciativa del presidente Andr\u00e9s Manuel L\u00f3pez Obrador para destinar recurso a los municipios y lograr erradicar este problema que aqueja a decenas de ciudades en M\u00e9xico.<\/p>\n\n\n\n<p>El edil panista dijo que Veracruz, como otros municipios sufre de esta problem\u00e1tica, pero a pesar de los trabajos constantes no existe presupuesto para lograr ni siquiera disminuir este problema en 4 a\u00f1os.<\/p>\n\n\n\n<p>&#8220;Lo dijo el mismo presidente. En todo el pa\u00eds hay un problema de bacheo muy importante, en todas las grandes ciudades del pa\u00eds, ah\u00ed s\u00ed coincido bien con el presidente, que bueno que van a apoyar a los municipios, ojal\u00e1 a Veracruz le toque una cantidad importante para que puedan ayudar al esfuerzo que ya se hace&#8221;, remarc\u00f3.<\/p>\n\n\n\n<p>Cabe recordar que el pasado 16 de octubre, el presidente firm\u00f3 un acuerdo en Tijuana para regularizar todos los autom\u00f3viles &#8220;chocolate&#8221;, donde destac\u00f3 que el dinero no pasar\u00e1 a la Federaci\u00f3n, sino que este se ir\u00e1 al Estado y se destinar\u00e1 a los municipios para que realicen un programa exhaustivo de bacheo a fin de mejorar sus vialidades.<\/p>\n\n\n\n<p>Yunes M\u00e1rquez, record\u00f3 que hace a\u00f1os la paraestaral PEMEX destinaba recurso a los Ayuntamientos para incrementar el programa de bacheo, situaci\u00f3n que se dej\u00f3 de hacer con la entrada de este nuevo Gobierno Federal, por lo que solo con recurso municipal es dificil que se cubran las necesidades de tapar baches en ciudades sumamente afectadas como Veracruz.<\/p>\n\n\n\n<p>Finalmente, el presidente municipal dijo que el poner a Veracruz y Boca del R\u00edo nuevamente en semaforo amarillo ayudar\u00e1 en demas\u00ed a reactivar la econom\u00eda y se podr\u00edan ver reflejados mejores n\u00fameros al cierre de diciembre.<\/p>\n","protected":false},"excerpt":{"rendered":"<p>Alejandro \u00c1vila Veracruz, Ver.- Tras reconocer que el municipio de Veracruz tiene un enorme problema de baches, el alcalde Fernando Yunes M\u00e1rquez, reconoci\u00f3 la iniciativa del presidente Andr\u00e9s Manuel L\u00f3pez Obrador para destinar recurso a los municipios y lograr erradicar este problema que aqueja a decenas de ciudades en M\u00e9xico. El edil panista dijo que [&hellip;]<\/p>\n","protected":false},"author":1,"featured_media":19466,"comment_status":"open","ping_status":"open","sticky":false,"template":"","format":"standard","meta":{"_jetpack_memberships_contains_paid_content":false,"footnotes":""},"categories":[2],"tags":[],"class_list":["post-19465","post","type-post","status-publish","format-standard","has-post-thumbnail","hentry","category-estado"],"jetpack_featured_media_url":"https:\/\/encuentroinformativo.com.mx\/wp-content\/uploads\/2021\/10\/4CD10D46-5FDE-47A1-A7A9-88CC8795E7BD.jpeg","jetpack_sharing_enabled":true,"jetpack_likes_enabled":true,"amp_enabled":true,"_links":{"self":[{"href":"https:\/\/encuentroinformativo.com.mx\/index.php?rest_route=\/wp\/v2\/posts\/19465","targetHints":{"allow":["GET"]}}],"collection":[{"href":"https:\/\/encuentroinformativo.com.mx\/index.php?rest_route=\/wp\/v2\/posts"}],"about":[{"href":"https:\/\/encuentroinformativo.com.mx\/index.php?rest_route=\/wp\/v2\/types\/post"}],"author":[{"embeddable":true,"href":"https:\/\/encuentroinformativo.com.mx\/index.php?rest_route=\/wp\/v2\/users\/1"}],"replies":[{"embeddable":true,"href":"https:\/\/encuentroinformativo.com.mx\/index.php?rest_route=%2Fwp%2Fv2%2Fcomments&post=19465"}],"version-history":[{"count":1,"href":"https:\/\/encuentroinformativo.com.mx\/index.php?rest_route=\/wp\/v2\/posts\/19465\/revisions"}],"predecessor-version":[{"id":19467,"href":"https:\/\/encuentroinformativo.com.mx\/index.php?rest_route=\/wp\/v2\/posts\/19465\/revisions\/19467"}],"wp:featuredmedia":[{"embeddable":true,"href":"https:\/\/encuentroinformativo.com.mx\/index.php?rest_route=\/wp\/v2\/media\/19466"}],"wp:attachment":[{"href":"https:\/\/encuentroinformativo.com.mx\/index.php?rest_route=%2Fwp%2Fv2%2Fmedia&parent=19465"}],"wp:term":[{"taxonomy":"category","embeddable":true,"href":"https:\/\/encuentroinformativo.com.mx\/index.php?rest_route=%2Fwp%2Fv2%2Fcategories&post=19465"},{"taxonomy":"post_tag","embeddable":true,"href":"https:\/\/encuentroinformativo.com.mx\/index.php?rest_route=%2Fwp%2Fv2%2Ftags&post=19465"}],"curies":[{"name":"wp","href":"https:\/\/api.w.org\/{rel}","templated":true}]}}