{"id":19474,"date":"2021-10-18T16:30:43","date_gmt":"2021-10-18T21:30:43","guid":{"rendered":"https:\/\/encuentroinformativo.com.mx\/?p=19474"},"modified":"2021-10-18T16:30:47","modified_gmt":"2021-10-18T21:30:47","slug":"agraviados-con-reporte-de-diputaciones-deben-proceder-pan","status":"publish","type":"post","link":"https:\/\/encuentroinformativo.com.mx\/?p=19474","title":{"rendered":"Agraviados con reporte de diputaciones deben proceder: PAN"},"content":{"rendered":"\n<p><strong>Dar\u00edo Pale <\/strong><\/p>\n\n\n\n<p>Xalapa, Ver.- Quienes se sientan agraviados con la lista de candidatos plurinominales podr\u00e1n interponer sus recursos ante el Tribunal Electoral de Veracruz, as\u00ed lo dio a conocer el\u00a0dirigente estatal del Partido Acci\u00f3n Nacional (PAN), Joaqu\u00edn Guzm\u00e1n Avil\u00e9s.<\/p>\n\n\n\n<p>Entrevistado a su arribo al OPLE, el l\u00edder blanquiazul afirm\u00f3 que defender\u00e1n su lista &#8220;a como de lugar&#8221;, aunque hasta el momento solamente Ana Ledezma estar\u00eda en dicha circunstancia.<\/p>\n\n\n\n<p>&#8220;Quienes se sientan agraviados lo tienen que ver ya en lo personal para poder presentar su inconformidad y pelear y tener alg\u00fan otro diputado&#8221;, se\u00f1al\u00f3.<\/p>\n\n\n\n<p>Guzm\u00e1n Avil\u00e9s manifest\u00f3, desde su punto de vista que el OPLE si viol\u00f3 la paridad de g\u00e9nero.<\/p>\n\n\n\n<p>Detall\u00f3 que los integrantes de la bancada del PAN ser\u00e1n ocho, pero no descart\u00f3 que puedan hacer un bloque opositor con los partidos aliados en el pasado proceso electoral.<\/p>\n\n\n\n<p>En otro orden de ideas, asever\u00f3 que el diputado Miguel Hermida deber\u00e1 definir si se suma a la bancada del PAN o se queda con la PRI, una vez que toma posesi\u00f3n.<\/p>\n\n\n\n<p>&#8220;Podemos ver la posibilidad de formar un bloque opositor entre los partidos pol\u00edticos para presentar batallas ante las embestidas de Morena&#8221;, asever\u00f3.<\/p>\n\n\n\n<p>Asimismo, dijo que todav\u00eda no han hablado de qui\u00e9n podr\u00eda ser el coordinador de la bancada en el Congreso y resalt\u00f3 que en su momento se tendr\u00e1 que ver si Enrique Cambranis podr\u00eda ser o no el pr\u00f3ximo coordinador.<\/p>\n","protected":false},"excerpt":{"rendered":"<p>Dar\u00edo Pale Xalapa, Ver.- Quienes se sientan agraviados con la lista de candidatos plurinominales podr\u00e1n interponer sus recursos ante el Tribunal Electoral de Veracruz, as\u00ed lo dio a conocer el\u00a0dirigente estatal del Partido Acci\u00f3n Nacional (PAN), Joaqu\u00edn Guzm\u00e1n Avil\u00e9s. Entrevistado a su arribo al OPLE, el l\u00edder blanquiazul afirm\u00f3 que defender\u00e1n su lista &#8220;a como [&hellip;]<\/p>\n","protected":false},"author":1,"featured_media":15041,"comment_status":"open","ping_status":"open","sticky":false,"template":"","format":"standard","meta":{"_jetpack_memberships_contains_paid_content":false,"footnotes":""},"categories":[2],"tags":[],"class_list":["post-19474","post","type-post","status-publish","format-standard","has-post-thumbnail","hentry","category-estado"],"jetpack_featured_media_url":"https:\/\/encuentroinformativo.com.mx\/wp-content\/uploads\/2021\/06\/7F980ADC-210D-4148-839E-15840A575A18.jpeg","jetpack_sharing_enabled":true,"jetpack_likes_enabled":true,"amp_enabled":true,"_links":{"self":[{"href":"https:\/\/encuentroinformativo.com.mx\/index.php?rest_route=\/wp\/v2\/posts\/19474","targetHints":{"allow":["GET"]}}],"collection":[{"href":"https:\/\/encuentroinformativo.com.mx\/index.php?rest_route=\/wp\/v2\/posts"}],"about":[{"href":"https:\/\/encuentroinformativo.com.mx\/index.php?rest_route=\/wp\/v2\/types\/post"}],"author":[{"embeddable":true,"href":"https:\/\/encuentroinformativo.com.mx\/index.php?rest_route=\/wp\/v2\/users\/1"}],"replies":[{"embeddable":true,"href":"https:\/\/encuentroinformativo.com.mx\/index.php?rest_route=%2Fwp%2Fv2%2Fcomments&post=19474"}],"version-history":[{"count":1,"href":"https:\/\/encuentroinformativo.com.mx\/index.php?rest_route=\/wp\/v2\/posts\/19474\/revisions"}],"predecessor-version":[{"id":19475,"href":"https:\/\/encuentroinformativo.com.mx\/index.php?rest_route=\/wp\/v2\/posts\/19474\/revisions\/19475"}],"wp:featuredmedia":[{"embeddable":true,"href":"https:\/\/encuentroinformativo.com.mx\/index.php?rest_route=\/wp\/v2\/media\/15041"}],"wp:attachment":[{"href":"https:\/\/encuentroinformativo.com.mx\/index.php?rest_route=%2Fwp%2Fv2%2Fmedia&parent=19474"}],"wp:term":[{"taxonomy":"category","embeddable":true,"href":"https:\/\/encuentroinformativo.com.mx\/index.php?rest_route=%2Fwp%2Fv2%2Fcategories&post=19474"},{"taxonomy":"post_tag","embeddable":true,"href":"https:\/\/encuentroinformativo.com.mx\/index.php?rest_route=%2Fwp%2Fv2%2Ftags&post=19474"}],"curies":[{"name":"wp","href":"https:\/\/api.w.org\/{rel}","templated":true}]}}