{"id":19489,"date":"2021-10-19T12:18:54","date_gmt":"2021-10-19T17:18:54","guid":{"rendered":"https:\/\/encuentroinformativo.com.mx\/?p=19489"},"modified":"2021-10-19T12:18:58","modified_gmt":"2021-10-19T17:18:58","slug":"impugnara-mc-distribucion-de-plurinominales","status":"publish","type":"post","link":"https:\/\/encuentroinformativo.com.mx\/?p=19489","title":{"rendered":"Impugnar\u00e1 MC distribuci\u00f3n de plurinominales"},"content":{"rendered":"\n<p><strong>Juan Arcos<\/strong><\/p>\n\n\n\n<p>Xalapa, Ver.- Movimiento Ciudadano (MC) impugnar\u00e1 la asignaci\u00f3n de diputaciones plurinominales en Veracruz y pedir\u00e1 la remoci\u00f3n de los consejeros del Organismo P\u00fablico Local Electoral (OPLE), tras quitarle a este partido un espacio de representaci\u00f3n proporcional en el Congreso local.<\/p>\n\n\n\n<p>As\u00ed lo dio a conocer el coordinador de la Comisi\u00f3n Operativa de Movimiento Ciudadano (MC) en Veracruz, Sergio Gil Rull\u00e1n, quien adem\u00e1s record\u00f3 que a su organismo pol\u00edtico le correspond\u00edan tres diputaciones plurinominales.<\/p>\n\n\n\n<p>Sin embargo, el lunes 18 de octubre, el OPLE entreg\u00f3 las constancias a las personas designadas por los partidos pol\u00edticos para formar parte de la lista de diputaciones por el principio de representaci\u00f3n proporcional, donde solo le otorgaron dos espacios a Movimiento Ciudadano.<\/p>\n\n\n\n<p>Las diputaciones plurinominales fueron para Maribel Ram\u00edrez Topete y Ruth Callejas Rold\u00e1n de este partido y fue suprimida una curul que correspond\u00eda a Adri\u00e1n \u00c1vila Estrada.<\/p>\n\n\n\n<p>Gil Rull\u00e1n enfatiz\u00f3 que el recurso de impugnaci\u00f3n ser\u00e1 presentado en la Sala Regional del Tribunal Electoral del Poder Judicial de la Federaci\u00f3n (TEPJF).<\/p>\n\n\n\n<p>En conferencia de prensa, realizada en el centro de Xalapa, el l\u00edder de este partido acus\u00f3 que los consejeros del OPLE, al irse de vacaciones, violentaron la cadena de impugnaciones.<\/p>\n\n\n\n<p>\u201cLas impugnaciones tardan cuatro d\u00edas para poder quejarse y 72 horas para resolverles. Si nos fu\u00e9ramos al tribunal local efectivamente estar\u00edamos fuera de tiempo porque la toma de protesta es el d\u00eda 5 de noviembre, pero se nos permite ir directo a la Sala Regional y estar justo en tiempo y forma para que den cumplimiento\u201d.<\/p>\n\n\n\n<p>Gil Rull\u00e1n indic\u00f3 que la impugnaci\u00f3n ser\u00e1 presentada este martes o el mi\u00e9rcoles, en busca de que la Sala Regional emita un fallo el pr\u00f3ximo viernes.<\/p>\n\n\n\n<p>\u201cY despu\u00e9s ser\u00eda un fallo de Sala Superior, nosotros estaremos entregando entre hoy y ma\u00f1ana, entre los tiempos legales, nuestra queja formal y nuestro recurso de impugnaci\u00f3n ante el tribunal regional\u201d, enfatiz\u00f3.<\/p>\n","protected":false},"excerpt":{"rendered":"<p>Juan Arcos Xalapa, Ver.- Movimiento Ciudadano (MC) impugnar\u00e1 la asignaci\u00f3n de diputaciones plurinominales en Veracruz y pedir\u00e1 la remoci\u00f3n de los consejeros del Organismo P\u00fablico Local Electoral (OPLE), tras quitarle a este partido un espacio de representaci\u00f3n proporcional en el Congreso local. As\u00ed lo dio a conocer el coordinador de la Comisi\u00f3n Operativa de Movimiento [&hellip;]<\/p>\n","protected":false},"author":1,"featured_media":19490,"comment_status":"open","ping_status":"open","sticky":false,"template":"","format":"standard","meta":{"_jetpack_memberships_contains_paid_content":false,"footnotes":""},"categories":[2],"tags":[],"class_list":["post-19489","post","type-post","status-publish","format-standard","has-post-thumbnail","hentry","category-estado"],"jetpack_featured_media_url":"https:\/\/encuentroinformativo.com.mx\/wp-content\/uploads\/2021\/10\/8A1AC10F-C23B-4C37-AE94-656B471C29E4.jpeg","jetpack_sharing_enabled":true,"jetpack_likes_enabled":true,"amp_enabled":true,"_links":{"self":[{"href":"https:\/\/encuentroinformativo.com.mx\/index.php?rest_route=\/wp\/v2\/posts\/19489","targetHints":{"allow":["GET"]}}],"collection":[{"href":"https:\/\/encuentroinformativo.com.mx\/index.php?rest_route=\/wp\/v2\/posts"}],"about":[{"href":"https:\/\/encuentroinformativo.com.mx\/index.php?rest_route=\/wp\/v2\/types\/post"}],"author":[{"embeddable":true,"href":"https:\/\/encuentroinformativo.com.mx\/index.php?rest_route=\/wp\/v2\/users\/1"}],"replies":[{"embeddable":true,"href":"https:\/\/encuentroinformativo.com.mx\/index.php?rest_route=%2Fwp%2Fv2%2Fcomments&post=19489"}],"version-history":[{"count":1,"href":"https:\/\/encuentroinformativo.com.mx\/index.php?rest_route=\/wp\/v2\/posts\/19489\/revisions"}],"predecessor-version":[{"id":19491,"href":"https:\/\/encuentroinformativo.com.mx\/index.php?rest_route=\/wp\/v2\/posts\/19489\/revisions\/19491"}],"wp:featuredmedia":[{"embeddable":true,"href":"https:\/\/encuentroinformativo.com.mx\/index.php?rest_route=\/wp\/v2\/media\/19490"}],"wp:attachment":[{"href":"https:\/\/encuentroinformativo.com.mx\/index.php?rest_route=%2Fwp%2Fv2%2Fmedia&parent=19489"}],"wp:term":[{"taxonomy":"category","embeddable":true,"href":"https:\/\/encuentroinformativo.com.mx\/index.php?rest_route=%2Fwp%2Fv2%2Fcategories&post=19489"},{"taxonomy":"post_tag","embeddable":true,"href":"https:\/\/encuentroinformativo.com.mx\/index.php?rest_route=%2Fwp%2Fv2%2Ftags&post=19489"}],"curies":[{"name":"wp","href":"https:\/\/api.w.org\/{rel}","templated":true}]}}