{"id":1949,"date":"2020-04-19T12:42:19","date_gmt":"2020-04-19T17:42:19","guid":{"rendered":"https:\/\/encuentroinformativo.com\/?p=1949"},"modified":"2020-04-19T12:42:22","modified_gmt":"2020-04-19T17:42:22","slug":"cifras-de-casos-de-covid-19-fuera-de-realidad-acusa-pan","status":"publish","type":"post","link":"https:\/\/encuentroinformativo.com.mx\/?p=1949","title":{"rendered":"Cifras de casos de Covid-19 fuera de realidad, acusa PAN"},"content":{"rendered":"\n<p><strong>Juan Arcos <\/strong><\/p>\n\n\n\n<p>Xalapa, Ver.- El dirigente estatal del Partido Acci\u00f3n Nacional (PAN), Joaqu\u00edn Rosendo Guzm\u00e1n Avil\u00e9s, consider\u00f3 que las cifras sobre defunciones y contagios a causa del coronavirus, proporcionadas por el Sector Salud, no representan la realidad.<\/p>\n\n\n\n<p>En un mensaje que circula en sus cuentas oficiales de redes sociales, opin\u00f3 que el gobierno de Veracruz fue sobrepasado, debido a la graves afectaciones que ha ocasionado la pandemia en la entidad.<\/p>\n\n\n\n<p>\u201cLos contagios siguen creciendo y tenemos que tomar conciencia de la problem\u00e1tica que viene, sobre todo en los hospitales, los cuales seguramente se saturar\u00e1n en poco tiempo\u201d.<\/p>\n\n\n\n<p>El l\u00edder panista consider\u00f3 que la cifra de contagios y fallecimientos seguir\u00e1 en aumento en Veracruz y, por ello, deber\u00e1n fortalecerse las medidas preventivas.<\/p>\n\n\n\n<p>En ese sentido, hizo un llamado al gobierno estatal, para que se reponsabilice de su obligaci\u00f3n de fortalecer y coordinar a la primera l\u00ednea de atenci\u00f3n a la ciudadan\u00eda, que son los ayuntamientos.<\/p>\n\n\n\n<p>\u201cEs a trav\u00e9s de ellos que se tiene que dirigir la estrategia de apoyo y contenci\u00f3n de la crisis sanitaria y econ\u00f3mica que hoy vivimos.<\/p>\n\n\n\n<p>El Gobierno de Morena, ha dejado solos a los municipios, sin protocolos ni recursos para atender el problema de salud\u201d.<\/p>\n\n\n\n<p>Guzm\u00e1n Avil\u00e9s record\u00f3 que los alcaldes del PAN han tomado las decisiones necesarias para salvaguardar la salud de los ciudadanos, sanitizando \u00e1reas p\u00fablicas y hospitales, instalando t\u00faneles sanitizantes, entregando material sanitario para que puedan hacer su trabajo.<\/p>\n\n\n\n<p>\u201cSi en los hospitales grandes de la capital y ciudades con mayor poblaci\u00f3n hay un problema grave de insumos b\u00e1sicos de salud, \u00bfSe imagian c\u00f3mo estar\u00e1 el problema las siguientes semanas en los municipios peque\u00f1os al interior del estado?\u201d.<\/p>\n\n\n\n<p>Finalmente, el Presidente del Comit\u00e9 Directivo Estatal (CDE) del PAN en Veracruz record\u00f3 que los ediles albiazules han propuesto medidas para mitigar la falta de apoyo econ\u00f3mico a las familias veracruzanas con descuentos sobre impuestos municipales como el predial, llevando apoyos alimentarios a los que m\u00e1s lo necesitan e incentivando a micro y peque\u00f1as empresas.<\/p>\n\n\n\n<p><\/p>\n","protected":false},"excerpt":{"rendered":"<p>Juan Arcos Xalapa, Ver.- El dirigente estatal del Partido Acci\u00f3n Nacional (PAN), Joaqu\u00edn Rosendo Guzm\u00e1n Avil\u00e9s, consider\u00f3 que las cifras sobre defunciones y contagios a causa del coronavirus, proporcionadas por el Sector Salud, no representan la realidad. En un mensaje que circula en sus cuentas oficiales de redes sociales, opin\u00f3 que el gobierno de Veracruz [&hellip;]<\/p>\n","protected":false},"author":1,"featured_media":1950,"comment_status":"open","ping_status":"open","sticky":false,"template":"","format":"standard","meta":{"_jetpack_memberships_contains_paid_content":false,"footnotes":""},"categories":[2],"tags":[],"class_list":["post-1949","post","type-post","status-publish","format-standard","has-post-thumbnail","hentry","category-estado"],"jetpack_featured_media_url":"https:\/\/encuentroinformativo.com.mx\/wp-content\/uploads\/2020\/04\/C1BA117D-2049-4C65-A45F-7445FCB44D9B.jpeg","jetpack_sharing_enabled":true,"jetpack_likes_enabled":true,"amp_enabled":true,"_links":{"self":[{"href":"https:\/\/encuentroinformativo.com.mx\/index.php?rest_route=\/wp\/v2\/posts\/1949","targetHints":{"allow":["GET"]}}],"collection":[{"href":"https:\/\/encuentroinformativo.com.mx\/index.php?rest_route=\/wp\/v2\/posts"}],"about":[{"href":"https:\/\/encuentroinformativo.com.mx\/index.php?rest_route=\/wp\/v2\/types\/post"}],"author":[{"embeddable":true,"href":"https:\/\/encuentroinformativo.com.mx\/index.php?rest_route=\/wp\/v2\/users\/1"}],"replies":[{"embeddable":true,"href":"https:\/\/encuentroinformativo.com.mx\/index.php?rest_route=%2Fwp%2Fv2%2Fcomments&post=1949"}],"version-history":[{"count":1,"href":"https:\/\/encuentroinformativo.com.mx\/index.php?rest_route=\/wp\/v2\/posts\/1949\/revisions"}],"predecessor-version":[{"id":1951,"href":"https:\/\/encuentroinformativo.com.mx\/index.php?rest_route=\/wp\/v2\/posts\/1949\/revisions\/1951"}],"wp:featuredmedia":[{"embeddable":true,"href":"https:\/\/encuentroinformativo.com.mx\/index.php?rest_route=\/wp\/v2\/media\/1950"}],"wp:attachment":[{"href":"https:\/\/encuentroinformativo.com.mx\/index.php?rest_route=%2Fwp%2Fv2%2Fmedia&parent=1949"}],"wp:term":[{"taxonomy":"category","embeddable":true,"href":"https:\/\/encuentroinformativo.com.mx\/index.php?rest_route=%2Fwp%2Fv2%2Fcategories&post=1949"},{"taxonomy":"post_tag","embeddable":true,"href":"https:\/\/encuentroinformativo.com.mx\/index.php?rest_route=%2Fwp%2Fv2%2Ftags&post=1949"}],"curies":[{"name":"wp","href":"https:\/\/api.w.org\/{rel}","templated":true}]}}