{"id":19492,"date":"2021-10-19T13:04:00","date_gmt":"2021-10-19T18:04:00","guid":{"rendered":"https:\/\/encuentroinformativo.com.mx\/?p=19492"},"modified":"2021-10-19T13:04:03","modified_gmt":"2021-10-19T18:04:03","slug":"denuncian-despido-injustificado-y-acoso-en-la-sev","status":"publish","type":"post","link":"https:\/\/encuentroinformativo.com.mx\/?p=19492","title":{"rendered":"Denuncian despido injustificado y acoso en la SEV"},"content":{"rendered":"\n<p><strong>Dar\u00edo Pale<\/strong><\/p>\n\n\n\n<p>Xalapa, Ver.- Ayesa Yazmin Gonz\u00e1lez Fern\u00e1ndez interpuso una denuncia en contra del coordinador de profesiones de la Secretar\u00eda de Educaci\u00f3n de Veracruz (SEV), Carlos Alberto Hern\u00e1ndez Cervantes por acoso laboral y sexual, adem\u00e1s de que fue despedida de forma injustificada despu\u00e9s de seis meses de laborar en esa dependencia.<\/p>\n\n\n\n<p>En conferencia de prensa realizada en conocido caf\u00e9 del centro de Xalapa, dio a conocer que desde el mes de marzo del presente a\u00f1o comenz\u00f3 a trabajar en esas oficinas a invitaci\u00f3n del titular de la misma, quien seg\u00fan a decir de ella empez\u00f3 a cobrarle una &#8220;cuota&#8221; de tres mil pesos mensuales, lo cual se considera actos de corrupci\u00f3n.<\/p>\n\n\n\n<p>&#8220;El convenio era de que yo iba a laborar ah\u00ed dando una cuota mensual de tres mil pesos a \u00e9l que dice que el gobernador Cuitl\u00e1huac est\u00e1 de acuerdo, tengo todo en pruebas de audio, yo lo empiezo a grabar desde el mes de junio por insinuaciones, acoso y pasadas de tono comentarios que me hac\u00eda o recomendaci\u00f3n de mi familia&#8221;, acus\u00f3.<\/p>\n\n\n\n<p>Dio a conocer que las insinuaciones eran &#8220;cuando te escapas, ya me deje la barba a ver si te gusto, cuando estrenamos colch\u00f3n, me gustas t\u00fa, cuestiones as\u00ed&#8221;, dio a conocer que pese a que particip\u00f3 en todas sus actividades la despiden el d\u00eda 30 de septiembre justificando que en su lugar deben de poner a un hombre.<\/p>\n\n\n\n<p>Por todo lo anterior levant\u00f3 una denuncia en la la Fiscal\u00eda octava por violencia de g\u00e9nero y discriminaci\u00f3n, adem\u00e1s de que la ampli\u00f3 tambi\u00e9n por corrupci\u00f3n ya que su jefe es un servidor p\u00fablico y la obligaba a apoyar al partido de Morena repartiendo propaganda.<\/p>\n\n\n\n<p>Finalmente acus\u00f3 que a lo \u00fanico que no accedi\u00f3 fue a irse con \u00e9l una semana a Orizaba cuando estaba la campa\u00f1a de vacunaci\u00f3n del COVID-19, no tiene ninguna falta laboral y al despedirla injustamente no recibi\u00f3 finiquito y esta persona sigue acos\u00e1ndola con llamadas.<\/p>\n","protected":false},"excerpt":{"rendered":"<p>Dar\u00edo Pale Xalapa, Ver.- Ayesa Yazmin Gonz\u00e1lez Fern\u00e1ndez interpuso una denuncia en contra del coordinador de profesiones de la Secretar\u00eda de Educaci\u00f3n de Veracruz (SEV), Carlos Alberto Hern\u00e1ndez Cervantes por acoso laboral y sexual, adem\u00e1s de que fue despedida de forma injustificada despu\u00e9s de seis meses de laborar en esa dependencia. En conferencia de prensa [&hellip;]<\/p>\n","protected":false},"author":1,"featured_media":19493,"comment_status":"open","ping_status":"open","sticky":false,"template":"","format":"standard","meta":{"_jetpack_memberships_contains_paid_content":false,"footnotes":""},"categories":[3],"tags":[],"class_list":["post-19492","post","type-post","status-publish","format-standard","has-post-thumbnail","hentry","category-xalapa"],"jetpack_featured_media_url":"https:\/\/encuentroinformativo.com.mx\/wp-content\/uploads\/2021\/10\/5BC77BDA-3957-4ACA-BF26-4BC93F4143C6.jpeg","jetpack_sharing_enabled":true,"jetpack_likes_enabled":true,"amp_enabled":true,"_links":{"self":[{"href":"https:\/\/encuentroinformativo.com.mx\/index.php?rest_route=\/wp\/v2\/posts\/19492","targetHints":{"allow":["GET"]}}],"collection":[{"href":"https:\/\/encuentroinformativo.com.mx\/index.php?rest_route=\/wp\/v2\/posts"}],"about":[{"href":"https:\/\/encuentroinformativo.com.mx\/index.php?rest_route=\/wp\/v2\/types\/post"}],"author":[{"embeddable":true,"href":"https:\/\/encuentroinformativo.com.mx\/index.php?rest_route=\/wp\/v2\/users\/1"}],"replies":[{"embeddable":true,"href":"https:\/\/encuentroinformativo.com.mx\/index.php?rest_route=%2Fwp%2Fv2%2Fcomments&post=19492"}],"version-history":[{"count":1,"href":"https:\/\/encuentroinformativo.com.mx\/index.php?rest_route=\/wp\/v2\/posts\/19492\/revisions"}],"predecessor-version":[{"id":19494,"href":"https:\/\/encuentroinformativo.com.mx\/index.php?rest_route=\/wp\/v2\/posts\/19492\/revisions\/19494"}],"wp:featuredmedia":[{"embeddable":true,"href":"https:\/\/encuentroinformativo.com.mx\/index.php?rest_route=\/wp\/v2\/media\/19493"}],"wp:attachment":[{"href":"https:\/\/encuentroinformativo.com.mx\/index.php?rest_route=%2Fwp%2Fv2%2Fmedia&parent=19492"}],"wp:term":[{"taxonomy":"category","embeddable":true,"href":"https:\/\/encuentroinformativo.com.mx\/index.php?rest_route=%2Fwp%2Fv2%2Fcategories&post=19492"},{"taxonomy":"post_tag","embeddable":true,"href":"https:\/\/encuentroinformativo.com.mx\/index.php?rest_route=%2Fwp%2Fv2%2Ftags&post=19492"}],"curies":[{"name":"wp","href":"https:\/\/api.w.org\/{rel}","templated":true}]}}