{"id":19495,"date":"2021-10-19T14:52:51","date_gmt":"2021-10-19T19:52:51","guid":{"rendered":"https:\/\/encuentroinformativo.com.mx\/?p=19495"},"modified":"2021-10-19T14:52:55","modified_gmt":"2021-10-19T19:52:55","slug":"espera-pt-resolucion-de-tribunal-en-eleccion-de-jesus-carranza","status":"publish","type":"post","link":"https:\/\/encuentroinformativo.com.mx\/?p=19495","title":{"rendered":"Espera PT resoluci\u00f3n de Tribunal en elecci\u00f3n de Jes\u00fas Carranza"},"content":{"rendered":"\n<p><strong>Juan Arcos\/Dar\u00edo Pale <\/strong><\/p>\n\n\n\n<p>Xalapa, Ver.- El coordinador estatal del Partido del Trabajo (PT), Vicente Aguilar Aguilar, se\u00f1al\u00f3 que es \u201cincierta\u201d la elecci\u00f3n de ediles en el municipio de Jes\u00fas Carranza y dijo desconocer si se realizar\u00e1 una elecci\u00f3n extraordinaria.<\/p>\n\n\n\n<p>Cabe recordar que, el pasado 6 de octubre, el Tribunal Electoral de Veracruz (TEV) declar\u00f3 la nulidad de las votaciones del pasado 6 de junio, tras los hechos violentos que se registraron en dicho municipio, ubicado en la zona sur de la entidad.<\/p>\n\n\n\n<p>En conferencia de prensa, el l\u00edder petista se\u00f1al\u00f3 que la Sala Regional del Tribunal Electoral del Poder Judicial de la Federaci\u00f3n (TEPJF) deber\u00e1 emitir un fallo al respecto.<\/p>\n\n\n\n<p>&#8220;Vamos a esperar a ver qu\u00e9 determina el Tribunal, ya que le asiste el derecho a Morena de impugnar&#8221;, expres\u00f3 en la sede estatal del PT.<\/p>\n\n\n\n<p>El pasado 20 de junio, el Organismo P\u00fablico Local Electoral (OPLE) otorg\u00f3 el acta de mayor\u00eda al candidato del Movimiento de Regeneraci\u00f3n Nacional (Morena), Luis Alfredo Pacheco Peralta.<\/p>\n\n\n\n<p>El candidato del PT en Jes\u00fas Carranza fue Paciano Rueda Canseco, quien hab\u00eda resultado favorecido por el Programa de Resultados Electorales Preliminares (PREP).<\/p>\n\n\n\n<p>Vicente Aguilar indic\u00f3 que en enero pr\u00f3ximo el Congreso del Estado deber\u00e1 nombrar a los integrantes del Concejo Municipal, mientras se determina la realizaci\u00f3n de una elecci\u00f3n extraordinaria.<\/p>\n\n\n\n<p>\u201cNos vamos a poner de acuerdo para ver c\u00f3mo resuelven el concejo, el PT debe tener espacios, Redes Sociales Progresistas (RSP) debe tener espacios, los que quedaron en los lugares antes de la nulidad\u201d, remat\u00f3.<\/p>\n\n\n\n<p><strong>Presupuesto Campo<\/strong><\/p>\n\n\n\n<p>En otro tema, Vicente Aguilar dio a conocer que se debe de privilegiar el campo sobre otros programas ya que si el campo falla no hay como surtir a las ciudades de alimentos, adem\u00e1s que acusaron &#8220;las gr\u00faas son un nido de ratas&#8221; en tr\u00e1nsito.<\/p>\n\n\n\n<p>Se\u00f1al\u00f3 que el campo debe de estar sobre todas las cosas ya que no ser\u00eda correcto que se importara la carne y dem\u00e1s productos, por lo que no se le puede meter alg\u00fan impuesto al campo eso s\u00ed ser\u00eda grave y diputados federales deben analizar esa propuesta.<\/p>\n\n\n\n<p>Van a solicitar a la dirigencia nacional de su partido para que dialogue con la gente de Hacienda a efecto de que no castigue al campo ya que si el campo no es prioritario para este pa\u00eds vamos a ir a un frasco econ\u00f3mico ya que habr\u00eda desabasto, por lo que deber\u00eda tener todo el apoyo.<\/p>\n\n\n\n<p>Hay muchos campesinos que ya no siembran debido a que les gusta m\u00e1s el apoyo que le llega y no se puede abandonar el campo por lo que las organizaciones campesina deben de dialogar con ellos y ver qu\u00e9 hacen las secretar\u00edas como la SEDARPA.<\/p>\n\n\n\n<p>En otro orden de ideas en cuanto a los gastos de operaci\u00f3n de 8 mil millones de pesos comento que &#8220;hay que esperar que tal cierto y que tal es mentira, \u00a0tambi\u00e9n nuestro amigo Pepe puede estar hablando y yo no creo lo que dijo Pepe en ese sentido&#8221;.<\/p>\n\n\n\n<p>Coment\u00f3 que si en la Secretar\u00eda del Bienestar si no se ponen las pilas van a salir muy mal ya que no se sabe cu\u00e1les programas est\u00e1n funcionando al cien o ciento a nivel federal, y si est\u00e1n ocupando el dinero en otros asuntos diferentes a lo que se debe de utilizar o lo que determine la ley ser\u00eda un error utilizar tanto dinero para \u00e9l \u00e1rea administrativa.<\/p>\n\n\n\n<p>En otro tema se\u00f1al\u00f3 &#8220;que existe un verdadero nido de corrupci\u00f3n que se encuentra sumergido la \u00a0Direcci\u00f3n de Tr\u00e1nsito Vial, toda vez, que las Gr\u00faas que prestan servicio son un nido de ratas, levantan autom\u00f3viles aunque est\u00e9n bien estacionados o se ponen a cazar a los automovilistas que dejan 2 o 3 minutos sus autom\u00f3viles&#8221;, acus\u00f3.<\/p>\n\n\n\n<p>Finalmente coment\u00f3 que &#8220;raz\u00f3n por lo que la sociedad muestra su inconformidad y malestar ante tantos abusos que cometen estas gr\u00faas y los elementos de esa Instituci\u00f3n. Es importante que los pr\u00f3ximos legisladores revisen el marco legal en esa \u00e1rea y realice las reformas necesarias&#8221;.<\/p>\n","protected":false},"excerpt":{"rendered":"<p>Juan Arcos\/Dar\u00edo Pale Xalapa, Ver.- El coordinador estatal del Partido del Trabajo (PT), Vicente Aguilar Aguilar, se\u00f1al\u00f3 que es \u201cincierta\u201d la elecci\u00f3n de ediles en el municipio de Jes\u00fas Carranza y dijo desconocer si se realizar\u00e1 una elecci\u00f3n extraordinaria. Cabe recordar que, el pasado 6 de octubre, el Tribunal Electoral de Veracruz (TEV) declar\u00f3 la [&hellip;]<\/p>\n","protected":false},"author":1,"featured_media":19496,"comment_status":"open","ping_status":"open","sticky":false,"template":"","format":"standard","meta":{"_jetpack_memberships_contains_paid_content":false,"footnotes":""},"categories":[2],"tags":[],"class_list":["post-19495","post","type-post","status-publish","format-standard","has-post-thumbnail","hentry","category-estado"],"jetpack_featured_media_url":"https:\/\/encuentroinformativo.com.mx\/wp-content\/uploads\/2021\/10\/F208F83D-DB32-4726-88D1-25725DCA4067.jpeg","jetpack_sharing_enabled":true,"jetpack_likes_enabled":true,"amp_enabled":true,"_links":{"self":[{"href":"https:\/\/encuentroinformativo.com.mx\/index.php?rest_route=\/wp\/v2\/posts\/19495","targetHints":{"allow":["GET"]}}],"collection":[{"href":"https:\/\/encuentroinformativo.com.mx\/index.php?rest_route=\/wp\/v2\/posts"}],"about":[{"href":"https:\/\/encuentroinformativo.com.mx\/index.php?rest_route=\/wp\/v2\/types\/post"}],"author":[{"embeddable":true,"href":"https:\/\/encuentroinformativo.com.mx\/index.php?rest_route=\/wp\/v2\/users\/1"}],"replies":[{"embeddable":true,"href":"https:\/\/encuentroinformativo.com.mx\/index.php?rest_route=%2Fwp%2Fv2%2Fcomments&post=19495"}],"version-history":[{"count":1,"href":"https:\/\/encuentroinformativo.com.mx\/index.php?rest_route=\/wp\/v2\/posts\/19495\/revisions"}],"predecessor-version":[{"id":19497,"href":"https:\/\/encuentroinformativo.com.mx\/index.php?rest_route=\/wp\/v2\/posts\/19495\/revisions\/19497"}],"wp:featuredmedia":[{"embeddable":true,"href":"https:\/\/encuentroinformativo.com.mx\/index.php?rest_route=\/wp\/v2\/media\/19496"}],"wp:attachment":[{"href":"https:\/\/encuentroinformativo.com.mx\/index.php?rest_route=%2Fwp%2Fv2%2Fmedia&parent=19495"}],"wp:term":[{"taxonomy":"category","embeddable":true,"href":"https:\/\/encuentroinformativo.com.mx\/index.php?rest_route=%2Fwp%2Fv2%2Fcategories&post=19495"},{"taxonomy":"post_tag","embeddable":true,"href":"https:\/\/encuentroinformativo.com.mx\/index.php?rest_route=%2Fwp%2Fv2%2Ftags&post=19495"}],"curies":[{"name":"wp","href":"https:\/\/api.w.org\/{rel}","templated":true}]}}