{"id":19501,"date":"2021-10-19T15:16:16","date_gmt":"2021-10-19T20:16:16","guid":{"rendered":"https:\/\/encuentroinformativo.com.mx\/?p=19501"},"modified":"2021-10-19T15:16:19","modified_gmt":"2021-10-19T20:16:19","slug":"promovera-anilu-ingram-modernizar-los-procesos-penales-en-veracruz","status":"publish","type":"post","link":"https:\/\/encuentroinformativo.com.mx\/?p=19501","title":{"rendered":"Promover\u00e1 Anil\u00fa Ingram modernizar los procesos penales en Veracruz"},"content":{"rendered":"\n<p><strong>Alejandro \u00c1vila<\/strong><\/p>\n\n\n\n<p>Boca del R\u00edo, Ver.- La modernizaci\u00f3n de los procesos penales v\u00eda digitalizaci\u00f3n, ser\u00e1 una de las iniciativas que presentar\u00e1 la diputada electa, Anil\u00fa Ingram Vallines en la pr\u00f3xima Legislatura, de la cual formar\u00e1 parte a partir del 5 de noviembre.<\/p>\n\n\n\n<p>Este martes, la priista sostuvo una reuni\u00f3n con representantes del Colegio de Abogados de Veracruz, quienes destacaron el rezago en procesos penlas que existe en la entidad veracruzana, mismo que se increment\u00f3 durante la pandemia y que se pudo haber solventado de haber modernizado diversos procedimientos.<\/p>\n\n\n\n<p>&#8220;Como diputada es importante impulsar acciones que beneficien, y sobre todo actuar con altura de miras. Veracruz nos necesita a todos, Veracruz necesita que trabajemos de manera seria, de manera congruente, y ese es el fin justamente de cada una de las reuniones que una servidora ha estado teniendo en las \u00faltimas semanas con distintos sectores sociales&#8221;, puntualiz\u00f3.<\/p>\n\n\n\n<p>Ingram Vallines destac\u00f3 que durante sus giras por el Estado de Veracruz fueron continuas las quejas sobre procesos penales injustos y con retraso, por lo que se\u00f1al\u00f3 con la experiencia de haber sido diputada federal y Presidenta de la Mesa Directiva durante su primer periodo como Legisladora local, promover\u00e1 la modernizaci\u00f3n del Poder Judicial para lograr una justicia pronta y expedita.<\/p>\n\n\n\n<p>La veracruzana concluy\u00f3 su dia con una reuni\u00f3n con un Colectivo Feminista, agenda que ha impulsado desde la Federaci\u00f3n y la cual asegur\u00f3 continuar\u00e1 manejando.<\/p>\n","protected":false},"excerpt":{"rendered":"<p>Alejandro \u00c1vila Boca del R\u00edo, Ver.- La modernizaci\u00f3n de los procesos penales v\u00eda digitalizaci\u00f3n, ser\u00e1 una de las iniciativas que presentar\u00e1 la diputada electa, Anil\u00fa Ingram Vallines en la pr\u00f3xima Legislatura, de la cual formar\u00e1 parte a partir del 5 de noviembre. Este martes, la priista sostuvo una reuni\u00f3n con representantes del Colegio de Abogados [&hellip;]<\/p>\n","protected":false},"author":1,"featured_media":19502,"comment_status":"open","ping_status":"open","sticky":false,"template":"","format":"standard","meta":{"_jetpack_memberships_contains_paid_content":false,"footnotes":""},"categories":[2],"tags":[],"class_list":["post-19501","post","type-post","status-publish","format-standard","has-post-thumbnail","hentry","category-estado"],"jetpack_featured_media_url":"https:\/\/encuentroinformativo.com.mx\/wp-content\/uploads\/2021\/10\/16CB3436-C291-4C29-8468-B5091F5B1C24.jpeg","jetpack_sharing_enabled":true,"jetpack_likes_enabled":true,"amp_enabled":true,"_links":{"self":[{"href":"https:\/\/encuentroinformativo.com.mx\/index.php?rest_route=\/wp\/v2\/posts\/19501","targetHints":{"allow":["GET"]}}],"collection":[{"href":"https:\/\/encuentroinformativo.com.mx\/index.php?rest_route=\/wp\/v2\/posts"}],"about":[{"href":"https:\/\/encuentroinformativo.com.mx\/index.php?rest_route=\/wp\/v2\/types\/post"}],"author":[{"embeddable":true,"href":"https:\/\/encuentroinformativo.com.mx\/index.php?rest_route=\/wp\/v2\/users\/1"}],"replies":[{"embeddable":true,"href":"https:\/\/encuentroinformativo.com.mx\/index.php?rest_route=%2Fwp%2Fv2%2Fcomments&post=19501"}],"version-history":[{"count":1,"href":"https:\/\/encuentroinformativo.com.mx\/index.php?rest_route=\/wp\/v2\/posts\/19501\/revisions"}],"predecessor-version":[{"id":19503,"href":"https:\/\/encuentroinformativo.com.mx\/index.php?rest_route=\/wp\/v2\/posts\/19501\/revisions\/19503"}],"wp:featuredmedia":[{"embeddable":true,"href":"https:\/\/encuentroinformativo.com.mx\/index.php?rest_route=\/wp\/v2\/media\/19502"}],"wp:attachment":[{"href":"https:\/\/encuentroinformativo.com.mx\/index.php?rest_route=%2Fwp%2Fv2%2Fmedia&parent=19501"}],"wp:term":[{"taxonomy":"category","embeddable":true,"href":"https:\/\/encuentroinformativo.com.mx\/index.php?rest_route=%2Fwp%2Fv2%2Fcategories&post=19501"},{"taxonomy":"post_tag","embeddable":true,"href":"https:\/\/encuentroinformativo.com.mx\/index.php?rest_route=%2Fwp%2Fv2%2Ftags&post=19501"}],"curies":[{"name":"wp","href":"https:\/\/api.w.org\/{rel}","templated":true}]}}