{"id":19522,"date":"2021-10-19T20:20:35","date_gmt":"2021-10-20T01:20:35","guid":{"rendered":"https:\/\/encuentroinformativo.com.mx\/?p=19522"},"modified":"2021-10-19T20:20:40","modified_gmt":"2021-10-20T01:20:40","slug":"entre-senalamientos-partidistas-designa-congreso-a-comisionado-del-ivai","status":"publish","type":"post","link":"https:\/\/encuentroinformativo.com.mx\/?p=19522","title":{"rendered":"Entre se\u00f1alamientos partidistas, designa Congreso a Comisionado del IVAI"},"content":{"rendered":"\n<p><strong>*Rinde David Agust\u00edn Jim\u00e9nez Rojas la protesta de ley ante el Pleno; ocupar\u00e1 el cargo por siete a\u00f1os.<\/strong><\/p>\n\n\n\n<p>Xalapa, Ver.- Con 35 votos a favor, 5 en contra y cero abstenciones, el Pleno de la LXV Legislatura aprob\u00f3 la designaci\u00f3n del ciudadano David Agust\u00edn Jim\u00e9nez Rojas como comisionado del Instituto Veracruzano de Acceso a la Informaci\u00f3n y Protecci\u00f3n de Datos Personales (IVAI) y le tom\u00f3 la protesta de ley.<\/p>\n\n\n\n<p>La Junta de Coordinaci\u00f3n Pol\u00edtica, mediante un Punto de Acuerdo, propuso este nombramiento al cargo por un periodo de siete a\u00f1os a partir de que ocupe el cargo, previa protesta de ley. Tras el escrutinio razonable, objetivo e imparcial de los requisitos de elegibilidad para ser comisionado del IVAI, se encontr\u00f3 que el referido ciudadano cumpl\u00eda los requisitos establecidos en el Art\u00edculo 67 de la Constituci\u00f3n Pol\u00edtica de los Estados Unidos Mexicanos, a saber:<\/p>\n\n\n\n<p>Ser ciudadano veracruzano con residencia efectiva en el Estado, cuando menos dos a\u00f1os anteriores al d\u00eda de su designaci\u00f3n, o mexicano por nacimiento, con vecindad m\u00ednima de cinco a\u00f1os en el Estado; contar con t\u00edtulo profesional expedido por autoridad o instituci\u00f3n legalmente facultada para ello, preferentemente, con estudios de posgrado y tener, cuando menos, treinta y cinco a\u00f1os cumplidos al d\u00eda de su designaci\u00f3n.<\/p>\n\n\n\n<p>Adem\u00e1s, gozar de buena reputaci\u00f3n, prestigio profesional, y contar, preferentemente, con experiencia en materia de acceso a la informaci\u00f3n p\u00fablica y protecci\u00f3n de datos personales; no haber sido condenado por delito doloso y no haber sido ministro de culto religioso, ni dirigente de partido o asociaci\u00f3n pol\u00edtica, cuando menos cinco a\u00f1os antes de su designaci\u00f3n.<\/p>\n\n\n\n<p>Respecto al \u00faltimo requisito, en uso de la atribuci\u00f3n conferida en el art\u00edculo 33 fracci\u00f3n XXXVI de la Constituci\u00f3n Pol\u00edtica del Estado, el Pleno concedi\u00f3 la dispensa de ley por causa justificada al referido ciudadano en lo relativo a no haber sido candidato a cargo de elecci\u00f3n popular, cuando menos tres a\u00f1os antes de su designaci\u00f3n, dada su inclusi\u00f3n como candidato a diputado local suplente por el principio de Representaci\u00f3n Proporcional en el proceso electoral 2020-2021.<\/p>\n","protected":false},"excerpt":{"rendered":"<p>*Rinde David Agust\u00edn Jim\u00e9nez Rojas la protesta de ley ante el Pleno; ocupar\u00e1 el cargo por siete a\u00f1os. Xalapa, Ver.- Con 35 votos a favor, 5 en contra y cero abstenciones, el Pleno de la LXV Legislatura aprob\u00f3 la designaci\u00f3n del ciudadano David Agust\u00edn Jim\u00e9nez Rojas como comisionado del Instituto Veracruzano de Acceso a la [&hellip;]<\/p>\n","protected":false},"author":1,"featured_media":19523,"comment_status":"open","ping_status":"open","sticky":false,"template":"","format":"standard","meta":{"_jetpack_memberships_contains_paid_content":false,"footnotes":""},"categories":[2],"tags":[],"class_list":["post-19522","post","type-post","status-publish","format-standard","has-post-thumbnail","hentry","category-estado"],"jetpack_featured_media_url":"https:\/\/encuentroinformativo.com.mx\/wp-content\/uploads\/2021\/10\/E9FBE98B-1FF3-44F6-ABC6-BD108895045D.jpeg","jetpack_sharing_enabled":true,"jetpack_likes_enabled":true,"amp_enabled":true,"_links":{"self":[{"href":"https:\/\/encuentroinformativo.com.mx\/index.php?rest_route=\/wp\/v2\/posts\/19522","targetHints":{"allow":["GET"]}}],"collection":[{"href":"https:\/\/encuentroinformativo.com.mx\/index.php?rest_route=\/wp\/v2\/posts"}],"about":[{"href":"https:\/\/encuentroinformativo.com.mx\/index.php?rest_route=\/wp\/v2\/types\/post"}],"author":[{"embeddable":true,"href":"https:\/\/encuentroinformativo.com.mx\/index.php?rest_route=\/wp\/v2\/users\/1"}],"replies":[{"embeddable":true,"href":"https:\/\/encuentroinformativo.com.mx\/index.php?rest_route=%2Fwp%2Fv2%2Fcomments&post=19522"}],"version-history":[{"count":1,"href":"https:\/\/encuentroinformativo.com.mx\/index.php?rest_route=\/wp\/v2\/posts\/19522\/revisions"}],"predecessor-version":[{"id":19524,"href":"https:\/\/encuentroinformativo.com.mx\/index.php?rest_route=\/wp\/v2\/posts\/19522\/revisions\/19524"}],"wp:featuredmedia":[{"embeddable":true,"href":"https:\/\/encuentroinformativo.com.mx\/index.php?rest_route=\/wp\/v2\/media\/19523"}],"wp:attachment":[{"href":"https:\/\/encuentroinformativo.com.mx\/index.php?rest_route=%2Fwp%2Fv2%2Fmedia&parent=19522"}],"wp:term":[{"taxonomy":"category","embeddable":true,"href":"https:\/\/encuentroinformativo.com.mx\/index.php?rest_route=%2Fwp%2Fv2%2Fcategories&post=19522"},{"taxonomy":"post_tag","embeddable":true,"href":"https:\/\/encuentroinformativo.com.mx\/index.php?rest_route=%2Fwp%2Fv2%2Ftags&post=19522"}],"curies":[{"name":"wp","href":"https:\/\/api.w.org\/{rel}","templated":true}]}}