{"id":19530,"date":"2021-10-20T11:50:18","date_gmt":"2021-10-20T16:50:18","guid":{"rendered":"https:\/\/encuentroinformativo.com.mx\/?p=19530"},"modified":"2021-10-20T11:50:21","modified_gmt":"2021-10-20T16:50:21","slug":"por-adeudos-realizan-paro-de-labores-en-caev-alvarado","status":"publish","type":"post","link":"https:\/\/encuentroinformativo.com.mx\/?p=19530","title":{"rendered":"Por adeudos, realizan paro de labores en CAEV Alvarado"},"content":{"rendered":"\n<p><strong>Alejandro \u00c1vila<\/strong><\/p>\n\n\n\n<p>Alvarado, Ver.- Empleados de la Comisi\u00f3n del Agua del Estado de Veracruz (CAEV) sede Alvarado, realizaron un paro de labores ante presuntos adeudos sindicales por parte de la dependencia estatal.<\/p>\n\n\n\n<p>Los trabajadores se manifestaron en el edificio sede en la calle Juan Soto n\u00famero 1, donde con cartulinas exigieron el pago de diversas prestaciones de las cuales hab sido privados durante varios meses.<\/p>\n\n\n\n<p>&#8220;Exigiendo los pagos que se nos deben a los trabajadores de dicha empresa, de CAEV, no exigimos m\u00e1s, solo lo que se nos debe. Todos nuestros derechos sindicales que no se nos han cumplido a los trabajadores hasta la fecha, de uno meses para ac\u00e1. Aqu\u00ed estamos los compa\u00f1eros con las cartulinas de todo lo que se nos debe, nada m\u00e1s exigimos que se nos pague lo que se nos debe, y como siempre, nos exigen mucho trabajo, pero ellos no cumplen con lo que se nos debe&#8221;, acus\u00f3 uno de los empleados.<\/p>\n\n\n\n<p>Entre las demandas est\u00e1 el regularizar las afiliaciones y pagos a INFONAVIT, ya que algunos empleados no cuentan con este servicio y a otros les han suspendido el pago.<\/p>\n\n\n\n<p>Tambi\u00e9n solicitaron el pago de ayuda por defunci\u00f3n, pagos de finiquito a pensionados por m\u00e1s de un a\u00f1o, as\u00ed como el respeto al contrato colectivo de trabajo.<\/p>\n\n\n\n<p>Los afectados se\u00f1alaron que toda esta situaci\u00f3n se dio, debido a que la CAEV Alvarado perdio varios casos de laudos, por lo que presuntamente se qued\u00f3 sin fondos para cumplir los compromisos ya establecidos en sus contratos.<\/p>\n","protected":false},"excerpt":{"rendered":"<p>Alejandro \u00c1vila Alvarado, Ver.- Empleados de la Comisi\u00f3n del Agua del Estado de Veracruz (CAEV) sede Alvarado, realizaron un paro de labores ante presuntos adeudos sindicales por parte de la dependencia estatal. Los trabajadores se manifestaron en el edificio sede en la calle Juan Soto n\u00famero 1, donde con cartulinas exigieron el pago de diversas [&hellip;]<\/p>\n","protected":false},"author":1,"featured_media":19531,"comment_status":"open","ping_status":"open","sticky":false,"template":"","format":"standard","meta":{"_jetpack_memberships_contains_paid_content":false,"footnotes":""},"categories":[2],"tags":[],"class_list":["post-19530","post","type-post","status-publish","format-standard","has-post-thumbnail","hentry","category-estado"],"jetpack_featured_media_url":"https:\/\/encuentroinformativo.com.mx\/wp-content\/uploads\/2021\/10\/4E4FEE23-FF61-46BF-9B39-E9C3B313167A.jpeg","jetpack_sharing_enabled":true,"jetpack_likes_enabled":true,"amp_enabled":true,"_links":{"self":[{"href":"https:\/\/encuentroinformativo.com.mx\/index.php?rest_route=\/wp\/v2\/posts\/19530","targetHints":{"allow":["GET"]}}],"collection":[{"href":"https:\/\/encuentroinformativo.com.mx\/index.php?rest_route=\/wp\/v2\/posts"}],"about":[{"href":"https:\/\/encuentroinformativo.com.mx\/index.php?rest_route=\/wp\/v2\/types\/post"}],"author":[{"embeddable":true,"href":"https:\/\/encuentroinformativo.com.mx\/index.php?rest_route=\/wp\/v2\/users\/1"}],"replies":[{"embeddable":true,"href":"https:\/\/encuentroinformativo.com.mx\/index.php?rest_route=%2Fwp%2Fv2%2Fcomments&post=19530"}],"version-history":[{"count":1,"href":"https:\/\/encuentroinformativo.com.mx\/index.php?rest_route=\/wp\/v2\/posts\/19530\/revisions"}],"predecessor-version":[{"id":19532,"href":"https:\/\/encuentroinformativo.com.mx\/index.php?rest_route=\/wp\/v2\/posts\/19530\/revisions\/19532"}],"wp:featuredmedia":[{"embeddable":true,"href":"https:\/\/encuentroinformativo.com.mx\/index.php?rest_route=\/wp\/v2\/media\/19531"}],"wp:attachment":[{"href":"https:\/\/encuentroinformativo.com.mx\/index.php?rest_route=%2Fwp%2Fv2%2Fmedia&parent=19530"}],"wp:term":[{"taxonomy":"category","embeddable":true,"href":"https:\/\/encuentroinformativo.com.mx\/index.php?rest_route=%2Fwp%2Fv2%2Fcategories&post=19530"},{"taxonomy":"post_tag","embeddable":true,"href":"https:\/\/encuentroinformativo.com.mx\/index.php?rest_route=%2Fwp%2Fv2%2Ftags&post=19530"}],"curies":[{"name":"wp","href":"https:\/\/api.w.org\/{rel}","templated":true}]}}