{"id":19533,"date":"2021-10-20T12:25:43","date_gmt":"2021-10-20T17:25:43","guid":{"rendered":"https:\/\/encuentroinformativo.com.mx\/?p=19533"},"modified":"2021-10-20T12:25:48","modified_gmt":"2021-10-20T17:25:48","slug":"asesora-ayuntamiento-sobre-denuncias-por-maltrato-animal","status":"publish","type":"post","link":"https:\/\/encuentroinformativo.com.mx\/?p=19533","title":{"rendered":"Asesora Ayuntamiento sobre denuncias por maltrato animal"},"content":{"rendered":"\n<p><strong>Alejandro \u00c1vila<\/strong><\/p>\n\n\n\n<p>Veracruz, Ver.- El director de Medio Ambiente y Protecci\u00f3n Animal, \u00c1ngel Capetillo Victoriano, confirm\u00f3 que durante la actual administraci\u00f3n han asesorado 23 casos para realizar denuncias penales por maltrato animal.<\/p>\n\n\n\n<p>De estas, siete han sido en este a\u00f1o 2021, mismas que se han presentado ante la Fiscal\u00eda Especializada en Delitos Ambientales y Contra los Animales (FEDAyCA).<\/p>\n\n\n\n<p>&#8220;Tenemos un \u00e1rea jur\u00eddica en esta direcci\u00f3n y por lo cual a cada ciudadano, independientemente a que no nos corresponda el tipo de maltrato o de crueldad, se le da una asesor\u00eda legal, coadyuvamos como tercer interesado, porque finalmente pues es tambi\u00e9n hacer el cumplimiento de la ley, que se castiga a quien cometa un acto il\u00edcito (\u2026) durante este a\u00f1o se han hecho siete, en total llevamos m\u00e1s de 23 casos en los que coadyuvamos&#8221;, apunt\u00f3.<\/p>\n\n\n\n<p>Capetillo Victoriano, destac\u00f3 que la direcci\u00f3n a su cargo a trav\u00e9s del departamento jur\u00eddico, procura que se lleve una denuncia vasta, con elementos en la carpeta de investigaci\u00f3n que sean prueba feaciente de que el imputado cometi\u00f3 un delito de maltrato animal o crueldad y de esta manera pueda ser sancionado con econ\u00f3micamente o incluso con la carcel.<\/p>\n\n\n\n<p>Finalmente, el funcionario municipal reconoci\u00f3 que durante la pandemia disminuyeron las denuncias por maltrato animal, pues en este 2021 a la fecha cuentan con 591, mientras que en a\u00f1os anteriores al mes de octubre, ya superaban las 900 quejas.<\/p>\n","protected":false},"excerpt":{"rendered":"<p>Alejandro \u00c1vila Veracruz, Ver.- El director de Medio Ambiente y Protecci\u00f3n Animal, \u00c1ngel Capetillo Victoriano, confirm\u00f3 que durante la actual administraci\u00f3n han asesorado 23 casos para realizar denuncias penales por maltrato animal. De estas, siete han sido en este a\u00f1o 2021, mismas que se han presentado ante la Fiscal\u00eda Especializada en Delitos Ambientales y Contra [&hellip;]<\/p>\n","protected":false},"author":1,"featured_media":19534,"comment_status":"open","ping_status":"open","sticky":false,"template":"","format":"standard","meta":{"_jetpack_memberships_contains_paid_content":false,"footnotes":""},"categories":[2],"tags":[],"class_list":["post-19533","post","type-post","status-publish","format-standard","has-post-thumbnail","hentry","category-estado"],"jetpack_featured_media_url":"https:\/\/encuentroinformativo.com.mx\/wp-content\/uploads\/2021\/10\/F8D834BC-503E-49DD-BE70-FFF4BAE55015.jpeg","jetpack_sharing_enabled":true,"jetpack_likes_enabled":true,"amp_enabled":true,"_links":{"self":[{"href":"https:\/\/encuentroinformativo.com.mx\/index.php?rest_route=\/wp\/v2\/posts\/19533","targetHints":{"allow":["GET"]}}],"collection":[{"href":"https:\/\/encuentroinformativo.com.mx\/index.php?rest_route=\/wp\/v2\/posts"}],"about":[{"href":"https:\/\/encuentroinformativo.com.mx\/index.php?rest_route=\/wp\/v2\/types\/post"}],"author":[{"embeddable":true,"href":"https:\/\/encuentroinformativo.com.mx\/index.php?rest_route=\/wp\/v2\/users\/1"}],"replies":[{"embeddable":true,"href":"https:\/\/encuentroinformativo.com.mx\/index.php?rest_route=%2Fwp%2Fv2%2Fcomments&post=19533"}],"version-history":[{"count":1,"href":"https:\/\/encuentroinformativo.com.mx\/index.php?rest_route=\/wp\/v2\/posts\/19533\/revisions"}],"predecessor-version":[{"id":19535,"href":"https:\/\/encuentroinformativo.com.mx\/index.php?rest_route=\/wp\/v2\/posts\/19533\/revisions\/19535"}],"wp:featuredmedia":[{"embeddable":true,"href":"https:\/\/encuentroinformativo.com.mx\/index.php?rest_route=\/wp\/v2\/media\/19534"}],"wp:attachment":[{"href":"https:\/\/encuentroinformativo.com.mx\/index.php?rest_route=%2Fwp%2Fv2%2Fmedia&parent=19533"}],"wp:term":[{"taxonomy":"category","embeddable":true,"href":"https:\/\/encuentroinformativo.com.mx\/index.php?rest_route=%2Fwp%2Fv2%2Fcategories&post=19533"},{"taxonomy":"post_tag","embeddable":true,"href":"https:\/\/encuentroinformativo.com.mx\/index.php?rest_route=%2Fwp%2Fv2%2Ftags&post=19533"}],"curies":[{"name":"wp","href":"https:\/\/api.w.org\/{rel}","templated":true}]}}