{"id":19536,"date":"2021-10-20T12:37:49","date_gmt":"2021-10-20T17:37:49","guid":{"rendered":"https:\/\/encuentroinformativo.com.mx\/?p=19536"},"modified":"2021-10-20T12:37:53","modified_gmt":"2021-10-20T17:37:53","slug":"nueva-ley-del-cafe-con-tintes-politicos-senalan-productores","status":"publish","type":"post","link":"https:\/\/encuentroinformativo.com.mx\/?p=19536","title":{"rendered":"Nueva Ley del Caf\u00e9 con tintes pol\u00edticos, se\u00f1alan productores"},"content":{"rendered":"\n<p><strong>Juan Arcos<\/strong><\/p>\n\n\n\n<p>Xalapa, Ver.- La reciente reforma a la Ley del Caf\u00e9 Veracruzano en el Congreso local muestra que hay voluntad para atender las necesidades de dicho sector productivo; sin embargo, tambi\u00e9n pareciera tener tintes pol\u00edticos.<\/p>\n\n\n\n<p>As\u00ed lo declar\u00f3 el secretario del Consejo Regional del Caf\u00e9 de Coatepec, Cirilo Elotl\u00e1n D\u00edaz, quien a\u00f1adi\u00f3 que falta mucho por hacer para que realmente mejoren las condiciones de la cafeticultura en el estado.<\/p>\n\n\n\n<p>Cabe recordar que la tarde del martes, la actual legislatura aprob\u00f3 la reforma a los art\u00edculos del 1 al 54 y la adici\u00f3n del art\u00edculo 55 de la Ley para el Fomento, Desarrollo Sustentable, Producci\u00f3n, Distribuci\u00f3n y Comercializaci\u00f3n del Caf\u00e9 Veracruzano, con lo que se establecen las condiciones para fortalecer en todos los aspectos la cafeticultura en esta entidad.<\/p>\n\n\n\n<p>Al respecto, el l\u00edder cafetalero indic\u00f3 que se requiere la creaci\u00f3n de un organismo aut\u00f3nomo por parte del Congreso del Estado que garantice la aplicaci\u00f3n de la mencionada ley.<\/p>\n\n\n\n<p>Adem\u00e1s, mencion\u00f3 que los productores de Coatepec no fueron tomados en cuenta ni patrocinaron en las reuniones legislativas para reformar la ley.<\/p>\n\n\n\n<p>\u201cLa ley por s\u00ed misma no vale nada, tiene que haber una instancia reguladora, una instancia que haga implementar esa ley, entonces para eso nosotros estamos pidiendo, a trav\u00e9s de las organizaciones, la creaci\u00f3n de un organismo, como antes exist\u00ed el Inmecaf\u00e9\u201d, expres\u00f3.\u00a0<br>Elotl\u00e1n D\u00edaz enfatiz\u00f3 que dicho organismo deber\u00e1 regular la producci\u00f3n, industrializaci\u00f3n, comercializaci\u00f3n y los procesos para garantizar un caf\u00e9 de calidad en la entidad.<\/p>\n\n\n\n<p>\u201cUna de las cosas que hoy nos est\u00e1n impactando mucho, no tan s\u00f3lo a los productores, sino tambi\u00e9n, a los consumidores porque sabemos de antemano que se est\u00e1n ofertando productos en los anaqueles totalmente nocivos para la salud, que van con la etiqueta de un buen caf\u00e9, sin embargo, en la realidad, llevan altos concentrados de saborizantes, colorantes, endulzantes y conservadores, que son en detrimento de la salud de los consumidores\u201d.<\/p>\n\n\n\n<p>La Ley del Caf\u00e9 propone un Consejo Consultivo tripartito que involucrar\u00e1 a los tres sectores de la econom\u00eda: p\u00fablico, privado y social, a partir del cual se reformular\u00e1 el actuar del Instituto del Caf\u00e9 Veracruzano.<\/p>\n\n\n\n<p>Tambi\u00e9n busca acciones para el fortalecimiento de la cadena agroalimentaria del caf\u00e9; por primera vez en la materia, se tocan temas espec\u00edficos y relativos al proceso de producci\u00f3n, transformaci\u00f3n, comercializaci\u00f3n y promoci\u00f3n del caf\u00e9 veracruzano.<\/p>\n\n\n\n<p>\u201cSi hay cierta voluntad (con las reformas a la ley), pero en el fondo s\u00ed lo estoy viendo con ciertos tintes pol\u00edticos para favorecer la corriente de un partido o tratar de que sea un pelda\u00f1o para que los que ahora est\u00e1n, sigan permaneciendo\u201d, remat\u00f3 el Secretario del Consejo Regional del Caf\u00e9 de Coatepec<\/p>\n","protected":false},"excerpt":{"rendered":"<p>Juan Arcos Xalapa, Ver.- La reciente reforma a la Ley del Caf\u00e9 Veracruzano en el Congreso local muestra que hay voluntad para atender las necesidades de dicho sector productivo; sin embargo, tambi\u00e9n pareciera tener tintes pol\u00edticos. As\u00ed lo declar\u00f3 el secretario del Consejo Regional del Caf\u00e9 de Coatepec, Cirilo Elotl\u00e1n D\u00edaz, quien a\u00f1adi\u00f3 que falta [&hellip;]<\/p>\n","protected":false},"author":1,"featured_media":19537,"comment_status":"open","ping_status":"open","sticky":false,"template":"","format":"standard","meta":{"_jetpack_memberships_contains_paid_content":false,"footnotes":""},"categories":[8],"tags":[],"class_list":["post-19536","post","type-post","status-publish","format-standard","has-post-thumbnail","hentry","category-region"],"jetpack_featured_media_url":"https:\/\/encuentroinformativo.com.mx\/wp-content\/uploads\/2021\/10\/97FB63C5-00BB-4E67-A28B-9810344E07C3.jpeg","jetpack_sharing_enabled":true,"jetpack_likes_enabled":true,"amp_enabled":true,"_links":{"self":[{"href":"https:\/\/encuentroinformativo.com.mx\/index.php?rest_route=\/wp\/v2\/posts\/19536","targetHints":{"allow":["GET"]}}],"collection":[{"href":"https:\/\/encuentroinformativo.com.mx\/index.php?rest_route=\/wp\/v2\/posts"}],"about":[{"href":"https:\/\/encuentroinformativo.com.mx\/index.php?rest_route=\/wp\/v2\/types\/post"}],"author":[{"embeddable":true,"href":"https:\/\/encuentroinformativo.com.mx\/index.php?rest_route=\/wp\/v2\/users\/1"}],"replies":[{"embeddable":true,"href":"https:\/\/encuentroinformativo.com.mx\/index.php?rest_route=%2Fwp%2Fv2%2Fcomments&post=19536"}],"version-history":[{"count":1,"href":"https:\/\/encuentroinformativo.com.mx\/index.php?rest_route=\/wp\/v2\/posts\/19536\/revisions"}],"predecessor-version":[{"id":19538,"href":"https:\/\/encuentroinformativo.com.mx\/index.php?rest_route=\/wp\/v2\/posts\/19536\/revisions\/19538"}],"wp:featuredmedia":[{"embeddable":true,"href":"https:\/\/encuentroinformativo.com.mx\/index.php?rest_route=\/wp\/v2\/media\/19537"}],"wp:attachment":[{"href":"https:\/\/encuentroinformativo.com.mx\/index.php?rest_route=%2Fwp%2Fv2%2Fmedia&parent=19536"}],"wp:term":[{"taxonomy":"category","embeddable":true,"href":"https:\/\/encuentroinformativo.com.mx\/index.php?rest_route=%2Fwp%2Fv2%2Fcategories&post=19536"},{"taxonomy":"post_tag","embeddable":true,"href":"https:\/\/encuentroinformativo.com.mx\/index.php?rest_route=%2Fwp%2Fv2%2Ftags&post=19536"}],"curies":[{"name":"wp","href":"https:\/\/api.w.org\/{rel}","templated":true}]}}