{"id":19542,"date":"2021-10-20T13:37:26","date_gmt":"2021-10-20T18:37:26","guid":{"rendered":"https:\/\/encuentroinformativo.com.mx\/?p=19542"},"modified":"2021-10-20T13:37:30","modified_gmt":"2021-10-20T18:37:30","slug":"policia-de-boca-del-rio-si-llego-a-secuestro-hubo-una-confusion-alcalde","status":"publish","type":"post","link":"https:\/\/encuentroinformativo.com.mx\/?p=19542","title":{"rendered":"Polic\u00eda de Boca del R\u00edo s\u00ed lleg\u00f3 a secuestro, hubo una confusi\u00f3n: Alcalde"},"content":{"rendered":"\n<p><strong>Alejandro \u00c1vila<\/strong><\/p>\n\n\n\n<p>Boca del R\u00edo, Ver.- El alcalde de Boca del R\u00edo, Humberto Alonso Morelli, asegur\u00f3 que la Polic\u00eda Municipal s\u00ed lleg\u00f3 a dar la atenci\u00f3n correspondiente en el secuestro que se llev\u00f3 a cabo hace una semana en el bulevar &#8220;Manuel \u00c1vila Camacho&#8221; a la altura del fraccionamiento Costa de Oro.<\/p>\n\n\n\n<p>El edil se\u00f1al\u00f3 que se trat\u00f3 simplemente de una confusi\u00f3n por parte del gobernador, Cuitl\u00e1huac Garc\u00eda Jim\u00e9nez, pero tras enterarse de la declaraci\u00f3n del Ejecutivo, se puso en contacto con el secretario Hugo Guti\u00e9rrez Maldonado, con quien aclar\u00f3 la situaci\u00f3n.<\/p>\n\n\n\n<p>&#8220;Vi la nota, en el momento que yo escuch\u00e9 tuve la oportunidad de aclarar el tema con el secretario de Seguridad P\u00fablica del Estado. Ya qued\u00f3 aclarado, s\u00ed fue la Polic\u00eda, yo creo que hubo ah\u00ed alguna confusi\u00f3n, pero s\u00ed fueron dos patrullas, fueron motopatrullas, y qued\u00f3, tuve la oportunidad de aclararlo el mismo momento y qued\u00f3 aclarado&#8221;, subray\u00f3.<\/p>\n\n\n\n<p>En otro tema, el panista mencion\u00f3 que no se cumplir\u00e1 el objetivo de creaci\u00f3n de museos que se planteo al inicio de su gobierno, pero esto se debi\u00f3 a la pandemia, pues el recurso que se destinar\u00eda a la ruta de casi 14 museos, se utiliz\u00f3 para acciones de salud en favor de los ciudadanos.<\/p>\n\n\n\n<p>A pesar de ello, dijo que el Museo de Piratas, s\u00ed se llevar\u00e1 a cabo y quedar\u00e1 instalado en la antigua Casa de la Cultura, donde se estima antes del 15 de diciembre pueda ser inaugurado.<\/p>\n","protected":false},"excerpt":{"rendered":"<p>Alejandro \u00c1vila Boca del R\u00edo, Ver.- El alcalde de Boca del R\u00edo, Humberto Alonso Morelli, asegur\u00f3 que la Polic\u00eda Municipal s\u00ed lleg\u00f3 a dar la atenci\u00f3n correspondiente en el secuestro que se llev\u00f3 a cabo hace una semana en el bulevar &#8220;Manuel \u00c1vila Camacho&#8221; a la altura del fraccionamiento Costa de Oro. El edil se\u00f1al\u00f3 [&hellip;]<\/p>\n","protected":false},"author":1,"featured_media":19543,"comment_status":"open","ping_status":"open","sticky":false,"template":"","format":"standard","meta":{"_jetpack_memberships_contains_paid_content":false,"footnotes":""},"categories":[2],"tags":[],"class_list":["post-19542","post","type-post","status-publish","format-standard","has-post-thumbnail","hentry","category-estado"],"jetpack_featured_media_url":"https:\/\/encuentroinformativo.com.mx\/wp-content\/uploads\/2021\/10\/C44B0ED2-02C9-4402-9B5D-107D73F55C3D.jpeg","jetpack_sharing_enabled":true,"jetpack_likes_enabled":true,"amp_enabled":true,"_links":{"self":[{"href":"https:\/\/encuentroinformativo.com.mx\/index.php?rest_route=\/wp\/v2\/posts\/19542","targetHints":{"allow":["GET"]}}],"collection":[{"href":"https:\/\/encuentroinformativo.com.mx\/index.php?rest_route=\/wp\/v2\/posts"}],"about":[{"href":"https:\/\/encuentroinformativo.com.mx\/index.php?rest_route=\/wp\/v2\/types\/post"}],"author":[{"embeddable":true,"href":"https:\/\/encuentroinformativo.com.mx\/index.php?rest_route=\/wp\/v2\/users\/1"}],"replies":[{"embeddable":true,"href":"https:\/\/encuentroinformativo.com.mx\/index.php?rest_route=%2Fwp%2Fv2%2Fcomments&post=19542"}],"version-history":[{"count":1,"href":"https:\/\/encuentroinformativo.com.mx\/index.php?rest_route=\/wp\/v2\/posts\/19542\/revisions"}],"predecessor-version":[{"id":19544,"href":"https:\/\/encuentroinformativo.com.mx\/index.php?rest_route=\/wp\/v2\/posts\/19542\/revisions\/19544"}],"wp:featuredmedia":[{"embeddable":true,"href":"https:\/\/encuentroinformativo.com.mx\/index.php?rest_route=\/wp\/v2\/media\/19543"}],"wp:attachment":[{"href":"https:\/\/encuentroinformativo.com.mx\/index.php?rest_route=%2Fwp%2Fv2%2Fmedia&parent=19542"}],"wp:term":[{"taxonomy":"category","embeddable":true,"href":"https:\/\/encuentroinformativo.com.mx\/index.php?rest_route=%2Fwp%2Fv2%2Fcategories&post=19542"},{"taxonomy":"post_tag","embeddable":true,"href":"https:\/\/encuentroinformativo.com.mx\/index.php?rest_route=%2Fwp%2Fv2%2Ftags&post=19542"}],"curies":[{"name":"wp","href":"https:\/\/api.w.org\/{rel}","templated":true}]}}