{"id":19548,"date":"2021-10-20T13:49:16","date_gmt":"2021-10-20T18:49:16","guid":{"rendered":"https:\/\/encuentroinformativo.com.mx\/?p=19548"},"modified":"2021-10-20T13:49:19","modified_gmt":"2021-10-20T18:49:19","slug":"seguira-prd-con-defensa-de-rogelio-n","status":"publish","type":"post","link":"https:\/\/encuentroinformativo.com.mx\/?p=19548","title":{"rendered":"Seguir\u00e1 PRD con defensa de Rogelio \u201cN\u201d"},"content":{"rendered":"\n<p><strong>Dar\u00edo Pale <\/strong><\/p>\n\n\n\n<p>Xalapa, Ver.- El consejero estatal del Partido de la Revoluci\u00f3n Democr\u00e1tica (PRD), Manuel Bernal Rivera dio a conocer que lamentablemente en el estado de Veracruz no se respeta la justicia como valor democr\u00e1tico un caso muy claro es el de Rogelio \u201cN\u201d ya que hasta la fecha sigue privado de su libertad y est\u00e1 como preso pol\u00edtico.<\/p>\n\n\n\n<p>En conferencia de prensa realizada en conocido caf\u00e9 del centro de Xalapa se\u00f1al\u00f3 que, tal y como se ha hecho p\u00fablico, desde el pasado mes de marzo, Rogelio \u201cN\u201d contin\u00faa en su defensa por hechos y conductas y aberrantes y llenas de falsedades que le mantienen privado de su libertad.<\/p>\n\n\n\n<p>Y precisamente, hoy mi\u00e9rcoles 20 de Octubre el Poder Judicial de Veracruz por instructiones del gobierno del estado, un juez de control con residencia en el penal de Pacho Viejo podr\u00eda vincular a proceso a Franco \u201cN\u201d por el presunto delito de peculado.<\/p>\n\n\n\n<p>Es de resaltarse \u00a0que Rogelio \u201cN\u201d no le cuestionan la legalidad de un contrato, ni lo acusan \u00a0de desv\u00edos de recursos p\u00fablicos, lo acusan de &#8220;contratar a una empresa supuestamente para beneficiar la imagen de su superior jer\u00e1rquico el exgobernador Miguel Angel Yunes Linares.<\/p>\n\n\n\n<p>&#8220;Confiamos que a pesar de las aberraciones y violaciones de las garant\u00edas individuales y los derechos humanos en contra de nuestro compa\u00f1ero Rogelio Franco Cast\u00e1n, la eficacia de la Justicia se va a imponer; esto es, que la ley ser\u00e1 cumplida y en su vida momento deber\u00e1 ser respetada y acatada; Aunque esto implica un proceso Y tiempo, pero con los instrumentos jur\u00eddicos que la ley y la Constituci\u00f3n establecen, nuestro compa\u00f1ero Rogelio Franco Cast\u00e1n, sin duda, alcanzar\u00e1 su libertad en estricta justicia&#8221;, coment\u00f3.<\/p>\n\n\n\n<p>En cuanto al dirigente estatal del PRD Sergio Cadena coment\u00f3 que meter\u00eda las manos al fuego por \u00e9l (Rogelio \u201cN\u201d), pero desconoce a donde las meti\u00f3 pero ha de andar muy ocupado pero nunca dejar\u00e1n solo a Rogelio \u201cN\u201d hasta que quede en libertad.<\/p>\n\n\n\n<p>Finalmente se\u00f1al\u00f3 que actualmente se le invento el asunto de ultrajes a la autoridad y despu\u00e9s &#8220;alquilan&#8221; a Arturo Berm\u00fadez para que se convierta en v\u00edctima por supuestos delitos que ni ellos mismos se lo creen, son tres procesos donde se ve la mala fe y la perversidad de una Fiscal\u00eda y un gobierno del estado que pretenden mantener a Rogelio privado de su libertad.<\/p>\n","protected":false},"excerpt":{"rendered":"<p>Dar\u00edo Pale Xalapa, Ver.- El consejero estatal del Partido de la Revoluci\u00f3n Democr\u00e1tica (PRD), Manuel Bernal Rivera dio a conocer que lamentablemente en el estado de Veracruz no se respeta la justicia como valor democr\u00e1tico un caso muy claro es el de Rogelio \u201cN\u201d ya que hasta la fecha sigue privado de su libertad y [&hellip;]<\/p>\n","protected":false},"author":1,"featured_media":19549,"comment_status":"open","ping_status":"open","sticky":false,"template":"","format":"standard","meta":{"_jetpack_memberships_contains_paid_content":false,"footnotes":""},"categories":[3],"tags":[],"class_list":["post-19548","post","type-post","status-publish","format-standard","has-post-thumbnail","hentry","category-xalapa"],"jetpack_featured_media_url":"https:\/\/encuentroinformativo.com.mx\/wp-content\/uploads\/2021\/10\/B264EC6E-5D5E-4B05-9BDA-A15925DBE2D3.jpeg","jetpack_sharing_enabled":true,"jetpack_likes_enabled":true,"amp_enabled":true,"_links":{"self":[{"href":"https:\/\/encuentroinformativo.com.mx\/index.php?rest_route=\/wp\/v2\/posts\/19548","targetHints":{"allow":["GET"]}}],"collection":[{"href":"https:\/\/encuentroinformativo.com.mx\/index.php?rest_route=\/wp\/v2\/posts"}],"about":[{"href":"https:\/\/encuentroinformativo.com.mx\/index.php?rest_route=\/wp\/v2\/types\/post"}],"author":[{"embeddable":true,"href":"https:\/\/encuentroinformativo.com.mx\/index.php?rest_route=\/wp\/v2\/users\/1"}],"replies":[{"embeddable":true,"href":"https:\/\/encuentroinformativo.com.mx\/index.php?rest_route=%2Fwp%2Fv2%2Fcomments&post=19548"}],"version-history":[{"count":1,"href":"https:\/\/encuentroinformativo.com.mx\/index.php?rest_route=\/wp\/v2\/posts\/19548\/revisions"}],"predecessor-version":[{"id":19550,"href":"https:\/\/encuentroinformativo.com.mx\/index.php?rest_route=\/wp\/v2\/posts\/19548\/revisions\/19550"}],"wp:featuredmedia":[{"embeddable":true,"href":"https:\/\/encuentroinformativo.com.mx\/index.php?rest_route=\/wp\/v2\/media\/19549"}],"wp:attachment":[{"href":"https:\/\/encuentroinformativo.com.mx\/index.php?rest_route=%2Fwp%2Fv2%2Fmedia&parent=19548"}],"wp:term":[{"taxonomy":"category","embeddable":true,"href":"https:\/\/encuentroinformativo.com.mx\/index.php?rest_route=%2Fwp%2Fv2%2Fcategories&post=19548"},{"taxonomy":"post_tag","embeddable":true,"href":"https:\/\/encuentroinformativo.com.mx\/index.php?rest_route=%2Fwp%2Fv2%2Ftags&post=19548"}],"curies":[{"name":"wp","href":"https:\/\/api.w.org\/{rel}","templated":true}]}}