{"id":19551,"date":"2021-10-20T13:54:55","date_gmt":"2021-10-20T18:54:55","guid":{"rendered":"https:\/\/encuentroinformativo.com.mx\/?p=19551"},"modified":"2021-10-20T13:54:59","modified_gmt":"2021-10-20T18:54:59","slug":"renuncio-trabajador-de-la-sev-senalado-de-acoso","status":"publish","type":"post","link":"https:\/\/encuentroinformativo.com.mx\/?p=19551","title":{"rendered":"Renunci\u00f3 trabajador de la SEV, se\u00f1alado de acoso"},"content":{"rendered":"\n<p><strong>Juan Arcos<\/strong> <\/p>\n\n\n\n<p>Xalapa, Ver.- Carlos Alberto \u201cN\u201d, coordinador de Profesiones, present\u00f3 su renuncia en la Secretar\u00eda de Educaci\u00f3n de Veracruz (SEV), luego de ser se\u00f1alado por presunto acoso laboral y sexual en contra de una empleada.<\/p>\n\n\n\n<p>As\u00ed lo dio a conocer el titular de la SEV, Zenyazen Escobar Garc\u00eda, quien adem\u00e1s a\u00f1adi\u00f3 que deber\u00e1 revisarse el caso.<\/p>\n\n\n\n<p>Cabe recordar que, el martes 19 de octubre, Ayesa Yazm\u00edn Gonz\u00e1lez Fern\u00e1ndez denunci\u00f3 p\u00fablicamente a dicho funcionario, tras haber sido despedida el pasado 30 de septiembre con el argumento de que en su lugar se necesitaba a un hombre.<\/p>\n\n\n\n<p>El Secretario de Educaci\u00f3n indic\u00f3 que la mujer ten\u00eda menos de seis meses en el puesto de confianza y, por ello, deber\u00e1n analizarse los se\u00f1alamientos en contra de Carlos Alberto \u201cN\u201d.<\/p>\n\n\n\n<p>El funcionario estatal dijo desconocer si se han registrado m\u00e1s casos similares al interior de las distintas \u00e1reas de la Secretar\u00eda de Educaci\u00f3n de Veracruz.<\/p>\n\n\n\n<p>Adem\u00e1s, destac\u00f3 que indagar\u00e1 sobre el reciente caso que fue denunciado para sancionar o reinstalar a la persona se\u00f1alada.<\/p>\n\n\n\n<p>Por otra parte, indic\u00f3 que la la Secretar\u00eda de Educaci\u00f3n P\u00fablica (SEP) podr\u00eda emitir sanciones contra los docentes que acudieron a recibir otra dosis contra el SARS-COV-2 (COVID-19) que no les correspond\u00eda.<\/p>\n\n\n\n<p>Tambi\u00e9n adelant\u00f3 que, el pr\u00f3ximo viernes, la titular de la SEP, Delfina G\u00f3mez \u00c1lvarez, visitar\u00e1 los planteles afectados por el paso del hurac\u00e1n \u201cGrace\u201d, para atender personalmente y supervisar los trabajos que sean necesarios.<\/p>\n\n\n\n<p>\u201cVamos a tener un avance sustancial en estos quince d\u00edas, hab\u00edamos estados lentos pero en un mes vamos a estar quitando los domos que derrib\u00f3 el Hurac\u00e1n Grace, los estaremos retirando, viendo qu\u00e9 es lo que procede\u201d, finaliz\u00f3.<\/p>\n","protected":false},"excerpt":{"rendered":"<p>Juan Arcos Xalapa, Ver.- Carlos Alberto \u201cN\u201d, coordinador de Profesiones, present\u00f3 su renuncia en la Secretar\u00eda de Educaci\u00f3n de Veracruz (SEV), luego de ser se\u00f1alado por presunto acoso laboral y sexual en contra de una empleada. As\u00ed lo dio a conocer el titular de la SEV, Zenyazen Escobar Garc\u00eda, quien adem\u00e1s a\u00f1adi\u00f3 que deber\u00e1 revisarse [&hellip;]<\/p>\n","protected":false},"author":1,"featured_media":19552,"comment_status":"open","ping_status":"open","sticky":false,"template":"","format":"standard","meta":{"_jetpack_memberships_contains_paid_content":false,"footnotes":""},"categories":[2],"tags":[],"class_list":["post-19551","post","type-post","status-publish","format-standard","has-post-thumbnail","hentry","category-estado"],"jetpack_featured_media_url":"https:\/\/encuentroinformativo.com.mx\/wp-content\/uploads\/2021\/10\/A23176D3-9D1B-43A6-B192-51EEFF1A9DEF.jpeg","jetpack_sharing_enabled":true,"jetpack_likes_enabled":true,"amp_enabled":true,"_links":{"self":[{"href":"https:\/\/encuentroinformativo.com.mx\/index.php?rest_route=\/wp\/v2\/posts\/19551","targetHints":{"allow":["GET"]}}],"collection":[{"href":"https:\/\/encuentroinformativo.com.mx\/index.php?rest_route=\/wp\/v2\/posts"}],"about":[{"href":"https:\/\/encuentroinformativo.com.mx\/index.php?rest_route=\/wp\/v2\/types\/post"}],"author":[{"embeddable":true,"href":"https:\/\/encuentroinformativo.com.mx\/index.php?rest_route=\/wp\/v2\/users\/1"}],"replies":[{"embeddable":true,"href":"https:\/\/encuentroinformativo.com.mx\/index.php?rest_route=%2Fwp%2Fv2%2Fcomments&post=19551"}],"version-history":[{"count":1,"href":"https:\/\/encuentroinformativo.com.mx\/index.php?rest_route=\/wp\/v2\/posts\/19551\/revisions"}],"predecessor-version":[{"id":19553,"href":"https:\/\/encuentroinformativo.com.mx\/index.php?rest_route=\/wp\/v2\/posts\/19551\/revisions\/19553"}],"wp:featuredmedia":[{"embeddable":true,"href":"https:\/\/encuentroinformativo.com.mx\/index.php?rest_route=\/wp\/v2\/media\/19552"}],"wp:attachment":[{"href":"https:\/\/encuentroinformativo.com.mx\/index.php?rest_route=%2Fwp%2Fv2%2Fmedia&parent=19551"}],"wp:term":[{"taxonomy":"category","embeddable":true,"href":"https:\/\/encuentroinformativo.com.mx\/index.php?rest_route=%2Fwp%2Fv2%2Fcategories&post=19551"},{"taxonomy":"post_tag","embeddable":true,"href":"https:\/\/encuentroinformativo.com.mx\/index.php?rest_route=%2Fwp%2Fv2%2Ftags&post=19551"}],"curies":[{"name":"wp","href":"https:\/\/api.w.org\/{rel}","templated":true}]}}