{"id":19563,"date":"2021-10-21T12:28:04","date_gmt":"2021-10-21T17:28:04","guid":{"rendered":"https:\/\/encuentroinformativo.com.mx\/?p=19563"},"modified":"2021-10-21T12:28:08","modified_gmt":"2021-10-21T17:28:08","slug":"las-bancadas","status":"publish","type":"post","link":"https:\/\/encuentroinformativo.com.mx\/?p=19563","title":{"rendered":"Las bancadas"},"content":{"rendered":"\n<p><strong>Los Pol\u00edticos<\/strong><\/p>\n\n\n\n<p><strong>Salvador Mu\u00f1oz<\/strong><\/p>\n\n\n\n<p>El \u00fanico coordinador cantado de la pr\u00f3xima Legislatura, la LXVI, en el Congreso local, era Adri\u00e1n \u201cEl Chino\u201d \u00c1vila Estrada, hasta que el OPLE lleg\u00f3 a descomponer el cuadro al grado de \u201cdesbancar\u201d a Movimiento Ciudadano que de seguro, ya debe estar en las instancias correspondientes en demanda de que le restituyan al diputado plurinominal que le quitaron.<\/p>\n\n\n\n<p>En torno a las dem\u00e1s bancadas, las cosas no est\u00e1n tan sencillas como pudieran aparentar por cuestiones pol\u00edticas, y hasta de otras \u00edndoles.<\/p>\n\n\n\n<p>Chequemos nada m\u00e1s en el PAN, que con la \u201cPluri\u201d que el OPLE le da en la figura de Bingen Rementer\u00eda, a su vez, le confieren a Chapito de cierto modo mayor\u00eda sobre la fracci\u00f3n del PAN en la siguiente Legislatura, y de ese modo, evitarse un desaguisado como el que se vivi\u00f3 hace unos meses en la designaci\u00f3n de coordinador de bancada con Omar Miranda, donde la fracci\u00f3n azul se parti\u00f3. De este modo, Enrique Cambranis, aun con toda la experiencia legislativa que puedan conferir, no tiene lugar a ser Coordinador por estar en el bando que le compite la dirigencia estatal a Guzm\u00e1n Avil\u00e9s.<\/p>\n\n\n\n<p>Luego entonces, la l\u00f3gica partidista lleva a pensar a que el PAN ha de postular a Bingen como coordinador si a\u00fan se piensa en Julen Rementer\u00eda como candidato al 2024, aunque tambi\u00e9n, si El Chapito, adem\u00e1s de democr\u00e1tico, quiere verse paritario, \u00bfpor qu\u00e9 no pensar en una mujer como Nora Jessica Lagunes J\u00e1uregui, coordinando la bancada? Habr\u00e1 que ver qu\u00e9 decide Guzm\u00e1n Avil\u00e9s.<\/p>\n\n\n\n<p>En Morena, todo pinta que repite Juan Javier G\u00f3mez Cazar\u00edn en una apuesta por la experiencia sobre el resto de sus compa\u00f1eros de bancada. S\u00f3lo un caso extraordinario vendr\u00eda a dar por los suelos esto: \u00a1un Amadazo!<\/p>\n\n\n\n<p>Recuerden que en esta Legislatura, todo pintaba para que el coordinador de los morenos y Presidente de la Junta de Coordinaci\u00f3n Pol\u00edtica fuera Amado Cruz Malpica, pero con la venia del Gobernador, fue y es G\u00f3mez Cazar\u00edn el que apareci\u00f3 en el escenario para convertirse en el Am\u00e9rica del Congreso: Lo odian o lo aman\u2026<\/p>\n\n\n\n<p>Al PVEM en Veracruz le toc\u00f3 de nuevo poner una mujer para lograr la paridad (en la anterior, Andrea Yunes fue el fiel de la balanza) y el sacrificado parece que fue otra vez Marcelo Ruiz S\u00e1nchez, dirigente estatal del Verde. Dicho partido est\u00e1 en la antesala de poner como coordinadora a una mujer en la figura de Citlalli Medell\u00edn Careaga, a\u00fan alcaldesa de Tamiahua. Digo, uno lo supone al ser la edil un icono de lucha, coraje y bandera del Ecologista en Veracruz.<\/p>\n\n\n\n<p>En el caso del PT, a ojo de buen cubero, todo indica que la coordinaci\u00f3n estar\u00e1 en manos de un var\u00f3n, ya sea Paul Mart\u00ednez Marie (ex alcalde y con conocimiento en el servicio p\u00fablico); el delegado nacional del PT, Ram\u00f3n D\u00edaz Avila; o Luis Ronaldo Z\u00e1rate D\u00edaz, a quien vinculan con estrecha cercan\u00eda al Gobernador y al dirigente de Morena, Esteban Ram\u00edrez Zepeta. La balanza, por \u201cquereres\u201d, se puede inclinar a favor del de Coatepec.<\/p>\n\n\n\n<p>&nbsp;En el PRI, con sus cuatro diputados, todo indica que la pugna (por citarlo de alg\u00fan modo, sin que lo sea) ha de estar entre Anil\u00fa Ingram Vallines y Marlon Ram\u00edrez Mar\u00edn. La decisi\u00f3n se ha de apoyar por alguna de las dos causas: experiencia o jerarqu\u00eda. Por un lado, aprovechar el camino recorrido que como presidenta de la Mesa Directiva y diputada federal tuvo la porte\u00f1a; por otro lado, darle su lugar a Marlon Ram\u00edrez Mar\u00edn como dirigente del Partido. Se entiende que cualquiera que sea la decisi\u00f3n ha de estar consensuada y aceptada entre los integrantes de la bancada del PRI: Miguel David Hermida Copado, Anil\u00fa Ingram Vallines, Arianna Angeles Aguirre y Marlon Ram\u00edrez Mar\u00edn.<\/p>\n\n\n\n<p>Ya s\u00f3lo queda esperar si el tiempo se lo permite a Movimiento Ciudadano, el resultado de sus demandas ante las p\u00e9rdidas de una curul, de su coordinador ya cantado en la figura del Chino \u00c1vila, y de su bancada&#8230;<\/p>\n\n\n\n<p><a href=\"http:\/\/smcainitogmail.com\/\" target=\"_blank\" rel=\"noreferrer noopener\">smcainitogmail.com<\/a><\/p>\n","protected":false},"excerpt":{"rendered":"<p>Los Pol\u00edticos Salvador Mu\u00f1oz El \u00fanico coordinador cantado de la pr\u00f3xima Legislatura, la LXVI, en el Congreso local, era Adri\u00e1n \u201cEl Chino\u201d \u00c1vila Estrada, hasta que el OPLE lleg\u00f3 a descomponer el cuadro al grado de \u201cdesbancar\u201d a Movimiento Ciudadano que de seguro, ya debe estar en las instancias correspondientes en demanda de que le [&hellip;]<\/p>\n","protected":false},"author":1,"featured_media":387,"comment_status":"open","ping_status":"open","sticky":false,"template":"","format":"standard","meta":{"_jetpack_memberships_contains_paid_content":false,"footnotes":""},"categories":[11],"tags":[],"class_list":["post-19563","post","type-post","status-publish","format-standard","has-post-thumbnail","hentry","category-opinion"],"jetpack_featured_media_url":"https:\/\/encuentroinformativo.com.mx\/wp-content\/uploads\/2020\/03\/7CF8A22B-2764-47BE-8F7F-38FE9E5D6A2F.jpeg","jetpack_sharing_enabled":true,"jetpack_likes_enabled":true,"amp_enabled":true,"_links":{"self":[{"href":"https:\/\/encuentroinformativo.com.mx\/index.php?rest_route=\/wp\/v2\/posts\/19563","targetHints":{"allow":["GET"]}}],"collection":[{"href":"https:\/\/encuentroinformativo.com.mx\/index.php?rest_route=\/wp\/v2\/posts"}],"about":[{"href":"https:\/\/encuentroinformativo.com.mx\/index.php?rest_route=\/wp\/v2\/types\/post"}],"author":[{"embeddable":true,"href":"https:\/\/encuentroinformativo.com.mx\/index.php?rest_route=\/wp\/v2\/users\/1"}],"replies":[{"embeddable":true,"href":"https:\/\/encuentroinformativo.com.mx\/index.php?rest_route=%2Fwp%2Fv2%2Fcomments&post=19563"}],"version-history":[{"count":1,"href":"https:\/\/encuentroinformativo.com.mx\/index.php?rest_route=\/wp\/v2\/posts\/19563\/revisions"}],"predecessor-version":[{"id":19564,"href":"https:\/\/encuentroinformativo.com.mx\/index.php?rest_route=\/wp\/v2\/posts\/19563\/revisions\/19564"}],"wp:featuredmedia":[{"embeddable":true,"href":"https:\/\/encuentroinformativo.com.mx\/index.php?rest_route=\/wp\/v2\/media\/387"}],"wp:attachment":[{"href":"https:\/\/encuentroinformativo.com.mx\/index.php?rest_route=%2Fwp%2Fv2%2Fmedia&parent=19563"}],"wp:term":[{"taxonomy":"category","embeddable":true,"href":"https:\/\/encuentroinformativo.com.mx\/index.php?rest_route=%2Fwp%2Fv2%2Fcategories&post=19563"},{"taxonomy":"post_tag","embeddable":true,"href":"https:\/\/encuentroinformativo.com.mx\/index.php?rest_route=%2Fwp%2Fv2%2Ftags&post=19563"}],"curies":[{"name":"wp","href":"https:\/\/api.w.org\/{rel}","templated":true}]}}