{"id":19571,"date":"2021-10-21T13:33:55","date_gmt":"2021-10-21T18:33:55","guid":{"rendered":"https:\/\/encuentroinformativo.com.mx\/?p=19571"},"modified":"2021-10-21T13:33:59","modified_gmt":"2021-10-21T18:33:59","slug":"demandan-mujeres-anular-elecciones-en-camerino-z-mendoza","status":"publish","type":"post","link":"https:\/\/encuentroinformativo.com.mx\/?p=19571","title":{"rendered":"Demandan mujeres anular elecciones en Camerino Z. Mendoza"},"content":{"rendered":"\n<p><strong>Dar\u00edo Pale<\/strong><\/p>\n\n\n\n<p>Xalapa, Ver.- La Sala Regional del Tribunal Electoral del Poder Judicial de la Federaci\u00f3n (TEPJF), revoc\u00f3 la la sentencia del Tribunal Electoral de Veracruz (TEV) en el triunfo de candidato de Morena en Camerino Z. Mendoza, debido a que hubo violencia pol\u00edtica de g\u00e9nero en contra candidata del PRI-PAN-PRD de la coalici\u00f3n &#8220;Va por Veracruz&#8221;.<\/p>\n\n\n\n<p>En conferencia de prensa realizada en conocido caf\u00e9 del centro de Xalapa varias mujeres integrantes de la coalici\u00f3n Va por Veracruz, Miriam Lagunes Mar\u00edn, secretaria de Agendas del PRD, expuso que el Tribunal Federal determin\u00f3 que la candidata de la coalici\u00f3n, Ingrid Romero, por ese mismo muncipio, sufri\u00f3 violencia pol\u00edtica en raz\u00f3n de g\u00e9nero en el pasado proceso electoral.<\/p>\n\n\n\n<p>Acompa\u00f1ada de Yolanda Lagunes L\u00f3pez del PRI y Ethel Gonz\u00e1lez L\u00f3pez del PAN; enfatiz\u00f3 que el \u00f3rgano colegiado determin\u00f3 revocar la sentencia del Tribunal local debido a que no tom\u00f3 en cuenta la violencia pol\u00edtica en raz\u00f3n de g\u00e9nero, adem\u00e1s de que se llev\u00f3 a cabo un gasto excesivo de recursos durante la campa\u00f1a, as\u00ed como los actos anticipados de campa\u00f1a.<\/p>\n\n\n\n<p>Cabe se\u00f1alar que dicha sentencia comenta lo siguiente: &#8220;La Sala Regional Xalapa revoc\u00f3, para efectos, la sentencia del Tribunal Electoral de Veracruz (TEV) que confirm\u00f3 el c\u00f3mputo municipal y la declaraci\u00f3n de validez de la elecci\u00f3n de Camerino Z. Mendoza, as\u00ed como el otorgamiento de las constancias de mayor\u00eda a favor de las candidaturas postuladas por la Coalici\u00f3n \u201cJuntos Haremos Historia por Veracruz\u201d.<\/p>\n\n\n\n<p>Lo anterior, porque una de las cuestiones sobre las que se debi\u00f3 pronunciar el TEV tiene que ver con la petici\u00f3n de la nulidad de elecci\u00f3n, como consecuencia de que se acreditara la existencia de violencia pol\u00edtica de g\u00e9nero en contra de una candidata a la presidencia municipal, para lo cual se hace necesario que el TEV se pronuncie, primeramente, en relaci\u00f3n con la cadena impugnativa que se form\u00f3 en contra del acuerdo del OPLEV en el que se investigan tales actos de violencia.<\/p>\n\n\n\n<p>Por lo anterior, el Pleno de la Sala, determin\u00f3 revocar la sentencia cuestionada en el juicio ciudadano 1447 de este a\u00f1o y, en consecuencia, tom\u00f3 la decisi\u00f3n de que el TEV emita una nueva resoluci\u00f3n en dicho procedimiento y, hecho lo anterior, se pronuncie en relaci\u00f3n con la nulidad de la elecci\u00f3n solicitada&#8221;.<\/p>\n\n\n\n<p>La perredista subray\u00f3 tambi\u00e9n que la diferencia de votos entre el primero y el segundo lugar fue menor al cinco por ciento, por lo que el TEV debe anular las elecciones.<\/p>\n\n\n\n<p>&#8220;Es important\u00edsimo que el Tribunal Electoral de Veracruz anule las elecciones y llame a nuevos comicios, es importante que tengamos sentencias que afirmen que efectivamente hay cero tolerancia a la violencia contra las mujeres. No podemos dejar que esto siga pasando, queremos que se siente un precedente, ya sucedi\u00f3 en Guerrero, que se juzgue con perspectiva de g\u00e9nero&#8221;, se\u00f1al\u00f3.<\/p>\n\n\n\n<p>Lagunes Mar\u00edn asegur\u00f3 que se cumplen con todas las causales para anular la elecci\u00f3n, por lo que record\u00f3 que durante el pasado proceso electoral repartieron planfetos y peri\u00f3dicos en donde se le insultaba, se le degradaba, se le restaba capacidad, adem\u00e1s de que le restaban autoridad por ser una candidata joven, entre otros.<\/p>\n\n\n\n<p>Asimismo, inform\u00f3 que el d\u00eda de la jornada comicial levantaron a integrantes de su equipo de campa\u00f1a para intimidarla.<\/p>\n\n\n\n<p>La perredista coment\u00f3 que se presume que todas esas acciones las cometieron simpatizantes de Morena, pero no quiso hacer se\u00f1alamientos directos para no intervenir en el proceso legal, toda vez que presentaron las denuncias correspondientes.<\/p>\n\n\n\n<p>Finalmente dio a conocer que, &#8220;hace falta implementar la perspectiva de g\u00e9nero, todav\u00eda tenemos jueces y juezas que no juzgan con perspectiva de g\u00e9nero, que no ven est\u00e1 diferencia entre ejercer violencia hacia una mujer y c\u00f3mo el impacto es mayor cuando sucede&#8221;.<\/p>\n","protected":false},"excerpt":{"rendered":"<p>Dar\u00edo Pale Xalapa, Ver.- La Sala Regional del Tribunal Electoral del Poder Judicial de la Federaci\u00f3n (TEPJF), revoc\u00f3 la la sentencia del Tribunal Electoral de Veracruz (TEV) en el triunfo de candidato de Morena en Camerino Z. Mendoza, debido a que hubo violencia pol\u00edtica de g\u00e9nero en contra candidata del PRI-PAN-PRD de la coalici\u00f3n &#8220;Va [&hellip;]<\/p>\n","protected":false},"author":1,"featured_media":19572,"comment_status":"open","ping_status":"open","sticky":false,"template":"","format":"standard","meta":{"_jetpack_memberships_contains_paid_content":false,"footnotes":""},"categories":[2],"tags":[],"class_list":["post-19571","post","type-post","status-publish","format-standard","has-post-thumbnail","hentry","category-estado"],"jetpack_featured_media_url":"https:\/\/encuentroinformativo.com.mx\/wp-content\/uploads\/2021\/10\/CF42FB86-CBE0-4C6E-9C41-9D8F96D6DAC1.jpeg","jetpack_sharing_enabled":true,"jetpack_likes_enabled":true,"amp_enabled":true,"_links":{"self":[{"href":"https:\/\/encuentroinformativo.com.mx\/index.php?rest_route=\/wp\/v2\/posts\/19571","targetHints":{"allow":["GET"]}}],"collection":[{"href":"https:\/\/encuentroinformativo.com.mx\/index.php?rest_route=\/wp\/v2\/posts"}],"about":[{"href":"https:\/\/encuentroinformativo.com.mx\/index.php?rest_route=\/wp\/v2\/types\/post"}],"author":[{"embeddable":true,"href":"https:\/\/encuentroinformativo.com.mx\/index.php?rest_route=\/wp\/v2\/users\/1"}],"replies":[{"embeddable":true,"href":"https:\/\/encuentroinformativo.com.mx\/index.php?rest_route=%2Fwp%2Fv2%2Fcomments&post=19571"}],"version-history":[{"count":1,"href":"https:\/\/encuentroinformativo.com.mx\/index.php?rest_route=\/wp\/v2\/posts\/19571\/revisions"}],"predecessor-version":[{"id":19573,"href":"https:\/\/encuentroinformativo.com.mx\/index.php?rest_route=\/wp\/v2\/posts\/19571\/revisions\/19573"}],"wp:featuredmedia":[{"embeddable":true,"href":"https:\/\/encuentroinformativo.com.mx\/index.php?rest_route=\/wp\/v2\/media\/19572"}],"wp:attachment":[{"href":"https:\/\/encuentroinformativo.com.mx\/index.php?rest_route=%2Fwp%2Fv2%2Fmedia&parent=19571"}],"wp:term":[{"taxonomy":"category","embeddable":true,"href":"https:\/\/encuentroinformativo.com.mx\/index.php?rest_route=%2Fwp%2Fv2%2Fcategories&post=19571"},{"taxonomy":"post_tag","embeddable":true,"href":"https:\/\/encuentroinformativo.com.mx\/index.php?rest_route=%2Fwp%2Fv2%2Ftags&post=19571"}],"curies":[{"name":"wp","href":"https:\/\/api.w.org\/{rel}","templated":true}]}}