{"id":19574,"date":"2021-10-21T13:42:14","date_gmt":"2021-10-21T18:42:14","guid":{"rendered":"https:\/\/encuentroinformativo.com.mx\/?p=19574"},"modified":"2021-10-21T13:42:18","modified_gmt":"2021-10-21T18:42:18","slug":"confirma-gobernador-desplome-de-avion-ultra-ligero-en-chachalacas","status":"publish","type":"post","link":"https:\/\/encuentroinformativo.com.mx\/?p=19574","title":{"rendered":"Confirma Gobernador desplome de avi\u00f3n ultra ligero en Chachalacas"},"content":{"rendered":"\n<p><strong>Juan Arcos<\/strong><\/p>\n\n\n\n<p>Xalapa, Ver.- El gobernador Cuitl\u00e1huac Garc\u00eda Jim\u00e9nez confirm\u00f3 el desplome de un avi\u00f3n ultra ligero en la playa Chachalacas, municipio de \u00darsulo Galv\u00e1n, donde result\u00f3 lesionado el piloto.<\/p>\n\n\n\n<p>En conferencia de prensa, el mandatario estatal indic\u00f3 que la avioneta de turismo present\u00f3 una falla al despegue que ocasion\u00f3 su ca\u00edda.<\/p>\n\n\n\n<p>\u201cNo hay fuego, la avioneta es color azul. Funciona como paseo de turismo, es una de estas que traen la h\u00e9lice atr\u00e1s del piloto de la aeronave. Pero es una aeronave tur\u00edstica, recorre la playa\u201d, enfatiz\u00f3.<\/p>\n\n\n\n<p>Desde Palacio de Gobierno, indic\u00f3 que el piloto fue trasladado a un hospital cercano por sus propios medios.<\/p>\n\n\n\n<p>\u201cEs una avioneta de tubos y al lesionado lo trasladaron para su atenci\u00f3n m\u00e9dica\u201d, expres\u00f3 el titular del Poder Ejecutivo de Veracruz.<\/p>\n\n\n\n<p>Mencion\u00f3 que los hechos fueron reportados al n\u00famero de emergencia 911 para solicitar la presencia de param\u00e9dicos.<\/p>\n\n\n\n<p>La Secretar\u00eda de Seguridad P\u00fablica (SSP) inform\u00f3 que elementos de la Fuerza Civil brindaron apoyo a la persona que result\u00f3 lesionada tras el accidente en la zona de playas, cerca de un hotel.<\/p>\n\n\n\n<p>\u201cLa persona lesionada se encuentra consciente y fue atendida m\u00e9dicamente. De acuerdo con los reportes, el avi\u00f3n present\u00f3 fallas mec\u00e1nicas en el momento de despegar\u201d, se lee en un comunicado oficial de la dependencia estatal.<\/p>\n\n\n\n<figure class=\"wp-block-image size-large\"><img loading=\"lazy\" decoding=\"async\" width=\"1024\" height=\"766\" src=\"https:\/\/encuentroinformativo.com.mx\/wp-content\/uploads\/2021\/10\/0CCFB82A-7BCE-444F-A8EB-C2C7B12241C5-1024x766.jpeg\" alt=\"\" class=\"wp-image-19576\" srcset=\"https:\/\/encuentroinformativo.com.mx\/wp-content\/uploads\/2021\/10\/0CCFB82A-7BCE-444F-A8EB-C2C7B12241C5-1024x766.jpeg 1024w, https:\/\/encuentroinformativo.com.mx\/wp-content\/uploads\/2021\/10\/0CCFB82A-7BCE-444F-A8EB-C2C7B12241C5-300x224.jpeg 300w, https:\/\/encuentroinformativo.com.mx\/wp-content\/uploads\/2021\/10\/0CCFB82A-7BCE-444F-A8EB-C2C7B12241C5-768x575.jpeg 768w, https:\/\/encuentroinformativo.com.mx\/wp-content\/uploads\/2021\/10\/0CCFB82A-7BCE-444F-A8EB-C2C7B12241C5-1536x1149.jpeg 1536w, https:\/\/encuentroinformativo.com.mx\/wp-content\/uploads\/2021\/10\/0CCFB82A-7BCE-444F-A8EB-C2C7B12241C5.jpeg 1600w\" sizes=\"auto, (max-width: 1024px) 100vw, 1024px\" \/><\/figure>\n","protected":false},"excerpt":{"rendered":"<p>Juan Arcos Xalapa, Ver.- El gobernador Cuitl\u00e1huac Garc\u00eda Jim\u00e9nez confirm\u00f3 el desplome de un avi\u00f3n ultra ligero en la playa Chachalacas, municipio de \u00darsulo Galv\u00e1n, donde result\u00f3 lesionado el piloto. En conferencia de prensa, el mandatario estatal indic\u00f3 que la avioneta de turismo present\u00f3 una falla al despegue que ocasion\u00f3 su ca\u00edda. \u201cNo hay fuego, [&hellip;]<\/p>\n","protected":false},"author":1,"featured_media":19575,"comment_status":"open","ping_status":"open","sticky":false,"template":"","format":"standard","meta":{"_jetpack_memberships_contains_paid_content":false,"footnotes":""},"categories":[8],"tags":[],"class_list":["post-19574","post","type-post","status-publish","format-standard","has-post-thumbnail","hentry","category-region"],"jetpack_featured_media_url":"https:\/\/encuentroinformativo.com.mx\/wp-content\/uploads\/2021\/10\/9127EBB8-3FF3-489D-BC6F-478EAE44B6DC.jpeg","jetpack_sharing_enabled":true,"jetpack_likes_enabled":true,"amp_enabled":true,"_links":{"self":[{"href":"https:\/\/encuentroinformativo.com.mx\/index.php?rest_route=\/wp\/v2\/posts\/19574","targetHints":{"allow":["GET"]}}],"collection":[{"href":"https:\/\/encuentroinformativo.com.mx\/index.php?rest_route=\/wp\/v2\/posts"}],"about":[{"href":"https:\/\/encuentroinformativo.com.mx\/index.php?rest_route=\/wp\/v2\/types\/post"}],"author":[{"embeddable":true,"href":"https:\/\/encuentroinformativo.com.mx\/index.php?rest_route=\/wp\/v2\/users\/1"}],"replies":[{"embeddable":true,"href":"https:\/\/encuentroinformativo.com.mx\/index.php?rest_route=%2Fwp%2Fv2%2Fcomments&post=19574"}],"version-history":[{"count":1,"href":"https:\/\/encuentroinformativo.com.mx\/index.php?rest_route=\/wp\/v2\/posts\/19574\/revisions"}],"predecessor-version":[{"id":19577,"href":"https:\/\/encuentroinformativo.com.mx\/index.php?rest_route=\/wp\/v2\/posts\/19574\/revisions\/19577"}],"wp:featuredmedia":[{"embeddable":true,"href":"https:\/\/encuentroinformativo.com.mx\/index.php?rest_route=\/wp\/v2\/media\/19575"}],"wp:attachment":[{"href":"https:\/\/encuentroinformativo.com.mx\/index.php?rest_route=%2Fwp%2Fv2%2Fmedia&parent=19574"}],"wp:term":[{"taxonomy":"category","embeddable":true,"href":"https:\/\/encuentroinformativo.com.mx\/index.php?rest_route=%2Fwp%2Fv2%2Fcategories&post=19574"},{"taxonomy":"post_tag","embeddable":true,"href":"https:\/\/encuentroinformativo.com.mx\/index.php?rest_route=%2Fwp%2Fv2%2Ftags&post=19574"}],"curies":[{"name":"wp","href":"https:\/\/api.w.org\/{rel}","templated":true}]}}