{"id":19578,"date":"2021-10-21T14:08:34","date_gmt":"2021-10-21T19:08:34","guid":{"rendered":"https:\/\/encuentroinformativo.com.mx\/?p=19578"},"modified":"2021-10-21T14:08:36","modified_gmt":"2021-10-21T19:08:36","slug":"vinculan-a-proceso-a-rogelio-n","status":"publish","type":"post","link":"https:\/\/encuentroinformativo.com.mx\/?p=19578","title":{"rendered":"Vinculan a proceso a Rogelio \u201cN\u201d"},"content":{"rendered":"\n<p><strong>Juan Arcos<\/strong><\/p>\n\n\n\n<p>Xalapa, Ver.- Rogelio \u201cN\u201d fue vinculado a proceso por un juez de control, se\u00f1alado del delito de peculado en agravio de la Secretar\u00eda de Gobierno del Estado de Veracruz, cuando estuvo al frente de la dependencia.<\/p>\n\n\n\n<p>El exsecretario de Gobierno, en el bienio de Miguel \u00c1ngel Yunes Linares (2016-2018), fue notificado de una nueva orden de aprehensi\u00f3n en su contra, el pasado 15 de octubre.<\/p>\n\n\n\n<p>En la Mesa de Coordinaci\u00f3n para la Construcci\u00f3n de la Paz, la titular de la Fiscal\u00eda General del Estado (FGE), Ver\u00f3nica Hern\u00e1ndez Giad\u00e1ns, inform\u00f3 que se reforz\u00f3 la medida cautelar de prisi\u00f3n preventiva justificada.<br>El exfuncionario yunista est\u00e1 preso en el penal del municipio de Amatl\u00e1n de los Reyes, mejor conocido como \u201cLa Toma\u201d, desde el pasado 13 de marzo.<\/p>\n\n\n\n<p>En las carpetas de investigaci\u00f3n el 248\/2021, 57\/2021 y 50\/2021 se le acusa de los probables delitos de extorsi\u00f3n y abuso de autoridad, violencia familiar y ultrajes de autoridad, respectivamente.<\/p>\n\n\n\n<p>Adem\u00e1s, se le suma el expediente 312\/2021 por la posible comisi\u00f3n del delito de peculado, cuando fue secretario de Gobierno.\u00a0<br>El dirigente estatal del Partido de la Revoluci\u00f3n Democr\u00e1tica (PRD), Eduardo Cadena Cer\u00f3n, ha denunciado varias veces que Rogelio Franco es un preso pol\u00edtico del actual gobierno.<\/p>\n\n\n\n<p>Franco Cast\u00e1n fue elegido por el Sol Azteca para encabezar una diputaci\u00f3n federal por el principio de representaci\u00f3n proporcional; sin embargo, al continuar en la c\u00e1rcel, en su lugar rindi\u00f3 protesta el perredista Jes\u00fas Vel\u00e1zquez Flores, en septiembre pasado.<\/p>\n","protected":false},"excerpt":{"rendered":"<p>Juan Arcos Xalapa, Ver.- Rogelio \u201cN\u201d fue vinculado a proceso por un juez de control, se\u00f1alado del delito de peculado en agravio de la Secretar\u00eda de Gobierno del Estado de Veracruz, cuando estuvo al frente de la dependencia. El exsecretario de Gobierno, en el bienio de Miguel \u00c1ngel Yunes Linares (2016-2018), fue notificado de una [&hellip;]<\/p>\n","protected":false},"author":1,"featured_media":19579,"comment_status":"open","ping_status":"open","sticky":false,"template":"","format":"standard","meta":{"_jetpack_memberships_contains_paid_content":false,"footnotes":""},"categories":[2],"tags":[],"class_list":["post-19578","post","type-post","status-publish","format-standard","has-post-thumbnail","hentry","category-estado"],"jetpack_featured_media_url":"https:\/\/encuentroinformativo.com.mx\/wp-content\/uploads\/2021\/10\/91090006-1302-4BB5-8BB6-5AD1967ABD7D.jpeg","jetpack_sharing_enabled":true,"jetpack_likes_enabled":true,"amp_enabled":true,"_links":{"self":[{"href":"https:\/\/encuentroinformativo.com.mx\/index.php?rest_route=\/wp\/v2\/posts\/19578","targetHints":{"allow":["GET"]}}],"collection":[{"href":"https:\/\/encuentroinformativo.com.mx\/index.php?rest_route=\/wp\/v2\/posts"}],"about":[{"href":"https:\/\/encuentroinformativo.com.mx\/index.php?rest_route=\/wp\/v2\/types\/post"}],"author":[{"embeddable":true,"href":"https:\/\/encuentroinformativo.com.mx\/index.php?rest_route=\/wp\/v2\/users\/1"}],"replies":[{"embeddable":true,"href":"https:\/\/encuentroinformativo.com.mx\/index.php?rest_route=%2Fwp%2Fv2%2Fcomments&post=19578"}],"version-history":[{"count":1,"href":"https:\/\/encuentroinformativo.com.mx\/index.php?rest_route=\/wp\/v2\/posts\/19578\/revisions"}],"predecessor-version":[{"id":19580,"href":"https:\/\/encuentroinformativo.com.mx\/index.php?rest_route=\/wp\/v2\/posts\/19578\/revisions\/19580"}],"wp:featuredmedia":[{"embeddable":true,"href":"https:\/\/encuentroinformativo.com.mx\/index.php?rest_route=\/wp\/v2\/media\/19579"}],"wp:attachment":[{"href":"https:\/\/encuentroinformativo.com.mx\/index.php?rest_route=%2Fwp%2Fv2%2Fmedia&parent=19578"}],"wp:term":[{"taxonomy":"category","embeddable":true,"href":"https:\/\/encuentroinformativo.com.mx\/index.php?rest_route=%2Fwp%2Fv2%2Fcategories&post=19578"},{"taxonomy":"post_tag","embeddable":true,"href":"https:\/\/encuentroinformativo.com.mx\/index.php?rest_route=%2Fwp%2Fv2%2Ftags&post=19578"}],"curies":[{"name":"wp","href":"https:\/\/api.w.org\/{rel}","templated":true}]}}