{"id":19581,"date":"2021-10-21T15:55:34","date_gmt":"2021-10-21T20:55:34","guid":{"rendered":"https:\/\/encuentroinformativo.com.mx\/?p=19581"},"modified":"2021-10-21T15:55:38","modified_gmt":"2021-10-21T20:55:38","slug":"por-enfermedad-lo-despidieron-en-comunicacion-social","status":"publish","type":"post","link":"https:\/\/encuentroinformativo.com.mx\/?p=19581","title":{"rendered":"Por enfermedad, lo despidieron en Comunicaci\u00f3n Social"},"content":{"rendered":"\n<p><strong>Dar\u00edo Pale <\/strong><\/p>\n\n\n\n<p>Xalapa, Ver.- La Coordinaci\u00f3n de Comunicaci\u00f3n Social de gobierno del estado despidi\u00f3 a V\u00edctor Hern\u00e1ndez Romero empleado discapacitado de manera injusta por haber padecido \u00a0Covid-19.<\/p>\n\n\n\n<p>En conferencia de prensa realizada en conocido caf\u00e9 del centro de Xalapa, dio a conocer que este lunes 18 de octubre lleg\u00f3 a trabajar, pero se encontr\u00f3 con la sorpresa de que le hab\u00edan levantado un acta administrativa por haber faltado varios d\u00edas, supuestamente sin justificaci\u00f3n.<\/p>\n\n\n\n<p>El empleado quien perdi\u00f3 un pie hace dos a\u00f1os y contaba ya con 18 a\u00f1os laborando en dicha \u00e1rea del gobierno estatal, as\u00ed como 10 de haber sido basificado; explic\u00f3 que al llegar lo encerraron en una sala de juntas, ah\u00ed la jefa de Recursos Humanos, Gladys Salazar, el jefe del Jur\u00eddico del que s\u00f3lo record\u00f3 su nombre, Hugo y la jefa de Monitoreo, Fanny Yepez, para amenazarlo.<\/p>\n\n\n\n<p>&#8220;Me amenazaron, me estaban obligando a firmar el acta y mi renuncia. Yo tuve una enfermedad que deriv\u00f3 en una amputaci\u00f3n de un pie hace dos a\u00f1os, estuve en tratamiento, con incapacidades y a finales de septiembre me contagi\u00e9 de Covid-19, tambi\u00e9n la oficina sab\u00eda, pero me dijeron que ellos son doctores y que ya no pod\u00eda laborar ah\u00ed&#8221;, acus\u00f3.<\/p>\n\n\n\n<p>&#8220;Son 18 a\u00f1os, mi expediente no tiene una nota mala, sigo en recuperaci\u00f3n, tuve que adquirir una pr\u00f3tesis que me sali\u00f3 en 50 mil pesos y de la Coordinaci\u00f3n no he recibido ning\u00fan apoyo, lo \u00fanico que ped\u00eda era que lo torelaran y ellos me dicen que no sirvo para trabajar&#8221;, agreg\u00f3.<\/p>\n\n\n\n<p>El trabajador dijo que no acept\u00f3 firmar, intent\u00e9 dialogar con ellos, pero la jefa de Recursos Humanos nunca quiso recibirlo, siempre le daba excusas, su labor era el de realizar la s\u00edntesis, en seguimiento de s\u00edntesis del Gobernador.<\/p>\n\n\n\n<p>Hasta el momento no ha interpuesto demanda laboral por carecer de recursos, por ello, solicit\u00f3 el apoyo de alg\u00fan abogado para que pueda representarlo, adelant\u00f3 que tambi\u00e9n interpondr\u00e1 una queja ante las comisiones Estatal y Nacional de Derechos Humanos por la discriminaci\u00f3n sufrida debido a su problema en el pie.<\/p>\n\n\n\n<p>Afirm\u00f3 que s\u00ed entreg\u00f3 las respectivas constancias del IMSS por haber padecido Covid-19, pero no las tomaron en cuenta.<\/p>\n\n\n\n<p>Finalmente Hern\u00e1ndez Romero sostuvo que no hay ning\u00fan otro motivo por el que pudo haber sido despedido, ya que en los 18 a\u00f1os de trabajo nunca ha tenido ning\u00fan problema con nadie.<\/p>\n","protected":false},"excerpt":{"rendered":"<p>Dar\u00edo Pale Xalapa, Ver.- La Coordinaci\u00f3n de Comunicaci\u00f3n Social de gobierno del estado despidi\u00f3 a V\u00edctor Hern\u00e1ndez Romero empleado discapacitado de manera injusta por haber padecido \u00a0Covid-19. En conferencia de prensa realizada en conocido caf\u00e9 del centro de Xalapa, dio a conocer que este lunes 18 de octubre lleg\u00f3 a trabajar, pero se encontr\u00f3 con [&hellip;]<\/p>\n","protected":false},"author":1,"featured_media":19582,"comment_status":"open","ping_status":"open","sticky":false,"template":"","format":"standard","meta":{"_jetpack_memberships_contains_paid_content":false,"footnotes":""},"categories":[3],"tags":[],"class_list":["post-19581","post","type-post","status-publish","format-standard","has-post-thumbnail","hentry","category-xalapa"],"jetpack_featured_media_url":"https:\/\/encuentroinformativo.com.mx\/wp-content\/uploads\/2021\/10\/267C6795-2590-4EF8-BD7F-E0B98DA58F5F.jpeg","jetpack_sharing_enabled":true,"jetpack_likes_enabled":true,"amp_enabled":true,"_links":{"self":[{"href":"https:\/\/encuentroinformativo.com.mx\/index.php?rest_route=\/wp\/v2\/posts\/19581","targetHints":{"allow":["GET"]}}],"collection":[{"href":"https:\/\/encuentroinformativo.com.mx\/index.php?rest_route=\/wp\/v2\/posts"}],"about":[{"href":"https:\/\/encuentroinformativo.com.mx\/index.php?rest_route=\/wp\/v2\/types\/post"}],"author":[{"embeddable":true,"href":"https:\/\/encuentroinformativo.com.mx\/index.php?rest_route=\/wp\/v2\/users\/1"}],"replies":[{"embeddable":true,"href":"https:\/\/encuentroinformativo.com.mx\/index.php?rest_route=%2Fwp%2Fv2%2Fcomments&post=19581"}],"version-history":[{"count":1,"href":"https:\/\/encuentroinformativo.com.mx\/index.php?rest_route=\/wp\/v2\/posts\/19581\/revisions"}],"predecessor-version":[{"id":19583,"href":"https:\/\/encuentroinformativo.com.mx\/index.php?rest_route=\/wp\/v2\/posts\/19581\/revisions\/19583"}],"wp:featuredmedia":[{"embeddable":true,"href":"https:\/\/encuentroinformativo.com.mx\/index.php?rest_route=\/wp\/v2\/media\/19582"}],"wp:attachment":[{"href":"https:\/\/encuentroinformativo.com.mx\/index.php?rest_route=%2Fwp%2Fv2%2Fmedia&parent=19581"}],"wp:term":[{"taxonomy":"category","embeddable":true,"href":"https:\/\/encuentroinformativo.com.mx\/index.php?rest_route=%2Fwp%2Fv2%2Fcategories&post=19581"},{"taxonomy":"post_tag","embeddable":true,"href":"https:\/\/encuentroinformativo.com.mx\/index.php?rest_route=%2Fwp%2Fv2%2Ftags&post=19581"}],"curies":[{"name":"wp","href":"https:\/\/api.w.org\/{rel}","templated":true}]}}