{"id":19584,"date":"2021-10-21T16:02:42","date_gmt":"2021-10-21T21:02:42","guid":{"rendered":"https:\/\/encuentroinformativo.com.mx\/?p=19584"},"modified":"2021-10-21T16:02:45","modified_gmt":"2021-10-21T21:02:45","slug":"realizaran-tradicional-cantada-en-naolinco","status":"publish","type":"post","link":"https:\/\/encuentroinformativo.com.mx\/?p=19584","title":{"rendered":"Realizar\u00e1n tradicional Cantada en Naolinco"},"content":{"rendered":"\n<p><strong>Dar\u00edo Pale<\/strong> <\/p>\n\n\n\n<p>Xalapa, Ver.- El director de Turismo Municipal de Naolinco Arturo Escobar Tapia dio a conocer que este a\u00f1o si se realizar\u00e1 la tradicional Cantada en ese municipio tomando las medidas sanitarias correspondientes.<\/p>\n\n\n\n<p>En conferencia de prensa realizada en conocido caf\u00e9 del centro de Xalapa se\u00f1al\u00f3 que, el programa en la zona de Pante\u00f3n sigue en pie, pues hasta el momento no ha llegado una notificaci\u00f3n de que se tenga que cerrar el \u00a0espacio en el marco de D\u00eda de Muertos.<\/p>\n\n\n\n<p>&#8220;A no ser que nos llegar\u00e1 el documento de gobierno del estado como el a\u00f1o pasado el pante\u00f3n va a estar abierto igual desde el d\u00eda hasta la noche&#8221;, se\u00f1al\u00f3.<\/p>\n\n\n\n<p>El funcionario municipal explic\u00f3 que la tradicional fiesta s\u00ed se realizar\u00e1, pero \u00a0tomar\u00e1n en cuenta todas las recomendaciones y protocolos para prevenir contagios del virus Sars COV-19.<\/p>\n\n\n\n<p>&#8220;De igual forma informamos que por ser un punto de concentraci\u00f3n la Casa de Cultura no va a estar abierta, sin embargo a modo de compensaci\u00f3n se va a colocar la catrina monumental a un costado de plaza de armas \u00a0y tambi\u00e9n se va a colocar una ofrenda grande en lo que es los bajos del palacio municipal&#8221;, asegur\u00f3.<\/p>\n\n\n\n<p>Cabe recordar que cada a\u00f1o, en el d\u00eda de muertos, en Naolinco, sus pobladores salen a cantar entre las tumbas y pasillos de su cementerio, esto, ha admirado a chicos y grandes, haci\u00e9ndolo ya una tradici\u00f3n, pero debido a la pandemia estaba suspendida esta actividad.<\/p>\n","protected":false},"excerpt":{"rendered":"<p>Dar\u00edo Pale Xalapa, Ver.- El director de Turismo Municipal de Naolinco Arturo Escobar Tapia dio a conocer que este a\u00f1o si se realizar\u00e1 la tradicional Cantada en ese municipio tomando las medidas sanitarias correspondientes. En conferencia de prensa realizada en conocido caf\u00e9 del centro de Xalapa se\u00f1al\u00f3 que, el programa en la zona de Pante\u00f3n [&hellip;]<\/p>\n","protected":false},"author":1,"featured_media":19585,"comment_status":"open","ping_status":"open","sticky":false,"template":"","format":"standard","meta":{"_jetpack_memberships_contains_paid_content":false,"footnotes":""},"categories":[8],"tags":[],"class_list":["post-19584","post","type-post","status-publish","format-standard","has-post-thumbnail","hentry","category-region"],"jetpack_featured_media_url":"https:\/\/encuentroinformativo.com.mx\/wp-content\/uploads\/2021\/10\/615C39EF-2705-44C3-B027-45F4975B0CD9.jpeg","jetpack_sharing_enabled":true,"jetpack_likes_enabled":true,"amp_enabled":true,"_links":{"self":[{"href":"https:\/\/encuentroinformativo.com.mx\/index.php?rest_route=\/wp\/v2\/posts\/19584","targetHints":{"allow":["GET"]}}],"collection":[{"href":"https:\/\/encuentroinformativo.com.mx\/index.php?rest_route=\/wp\/v2\/posts"}],"about":[{"href":"https:\/\/encuentroinformativo.com.mx\/index.php?rest_route=\/wp\/v2\/types\/post"}],"author":[{"embeddable":true,"href":"https:\/\/encuentroinformativo.com.mx\/index.php?rest_route=\/wp\/v2\/users\/1"}],"replies":[{"embeddable":true,"href":"https:\/\/encuentroinformativo.com.mx\/index.php?rest_route=%2Fwp%2Fv2%2Fcomments&post=19584"}],"version-history":[{"count":1,"href":"https:\/\/encuentroinformativo.com.mx\/index.php?rest_route=\/wp\/v2\/posts\/19584\/revisions"}],"predecessor-version":[{"id":19586,"href":"https:\/\/encuentroinformativo.com.mx\/index.php?rest_route=\/wp\/v2\/posts\/19584\/revisions\/19586"}],"wp:featuredmedia":[{"embeddable":true,"href":"https:\/\/encuentroinformativo.com.mx\/index.php?rest_route=\/wp\/v2\/media\/19585"}],"wp:attachment":[{"href":"https:\/\/encuentroinformativo.com.mx\/index.php?rest_route=%2Fwp%2Fv2%2Fmedia&parent=19584"}],"wp:term":[{"taxonomy":"category","embeddable":true,"href":"https:\/\/encuentroinformativo.com.mx\/index.php?rest_route=%2Fwp%2Fv2%2Fcategories&post=19584"},{"taxonomy":"post_tag","embeddable":true,"href":"https:\/\/encuentroinformativo.com.mx\/index.php?rest_route=%2Fwp%2Fv2%2Ftags&post=19584"}],"curies":[{"name":"wp","href":"https:\/\/api.w.org\/{rel}","templated":true}]}}