{"id":19587,"date":"2021-10-21T16:10:26","date_gmt":"2021-10-21T21:10:26","guid":{"rendered":"https:\/\/encuentroinformativo.com.mx\/?p=19587"},"modified":"2021-10-21T16:10:28","modified_gmt":"2021-10-21T21:10:28","slug":"para-evitar-extraccion-ilegal-de-agua-pescadores-cuidan-laguna-el-farallon","status":"publish","type":"post","link":"https:\/\/encuentroinformativo.com.mx\/?p=19587","title":{"rendered":"Para evitar extracci\u00f3n ilegal de agua, pescadores cuidan Laguna El Farall\u00f3n"},"content":{"rendered":"\n<p><strong>Juan Arcos<\/strong><\/p>\n\n\n\n<p>Xalapa, Ver.- Pescadores vigilan la laguna El Farall\u00f3n, en el municipio de Actopan, para evitar que persista la extracci\u00f3n ilegal de agua, una pr\u00e1ctica que ha contribuido al desecamiento del sitio.<\/p>\n\n\n\n<p>De acuerdo con Manolo Acosta Dom\u00ednguez, presidente de la Sociedad Cooperativa de Pescadores de El Farall\u00f3n-El Llano, hace unos d\u00edas se report\u00f3 que la laguna hab\u00eda perdido agua de manera r\u00e1pida ante la falta de lluvias y la posible extracci\u00f3n ilegal.<\/p>\n\n\n\n<p>\u201cPor lo dr\u00e1stico que baj\u00f3 el agua, pienso que tal vez extrajeron agua en la noche, lamentablemente no necesitan mucho mas que tirar una manguera y prenderle una bomba\u201d, enfatiz\u00f3 el pescador.<\/p>\n\n\n\n<p>En abril pasado, los pescadores dieron a conocer la sequ\u00eda hist\u00f3rica que presentaba este humedal, mismo que depende del gobierno estatal. Hasta el momento, no ha habido acciones contundentes para evitar su extinci\u00f3n.<\/p>\n\n\n\n<p>Los trabajadores presentaron propuestas a autoridades estatales para el rescate de este cuerpo de agua que se ha ido secando en los \u00faltimos meses.<\/p>\n\n\n\n<p>Aunque han sido escuchados por las autoridades sobre la crisis que enfrentan al no poder trabajar desde hace ocho meses, a\u00fan no han obtenido una respuesta favorable.<\/p>\n\n\n\n<p>\u201cAqu\u00ed es un problema de escasez de agua, aqu\u00ed hay arroyos cercanos donde se puede canalizar el agua hacia ac\u00e1 en tiempos de lluvia, cuando las crecientes, la cosa es que no quisieron\u201d, indic\u00f3.<\/p>\n\n\n\n<p>La pesca se fren\u00f3 totalmente en la laguna desde que se sec\u00f3 m\u00e1s del 90 por ciento de las 180 hect\u00e1reas que comprend\u00eda su superficie.<\/p>\n\n\n\n<p>Los trabajadores recordaron que hay un proyecto que contempla la construcci\u00f3n de pozos hasta los mantos acu\u00edferos para ingresar agua constantemente.<\/p>\n\n\n\n<p>\u201cSe har\u00edan pozos, se ingresar\u00eda el agua, sabemos que esa agua se consume porque esto es un captador de agua que alimenta a los mantos acu\u00edferos y ser\u00eda un reingreso, pero no se perder\u00eda la vida de esta laguna\u201d, remat\u00f3 Acosta Dom\u00ednguez.<\/p>\n","protected":false},"excerpt":{"rendered":"<p>Juan Arcos Xalapa, Ver.- Pescadores vigilan la laguna El Farall\u00f3n, en el municipio de Actopan, para evitar que persista la extracci\u00f3n ilegal de agua, una pr\u00e1ctica que ha contribuido al desecamiento del sitio. De acuerdo con Manolo Acosta Dom\u00ednguez, presidente de la Sociedad Cooperativa de Pescadores de El Farall\u00f3n-El Llano, hace unos d\u00edas se report\u00f3 [&hellip;]<\/p>\n","protected":false},"author":1,"featured_media":19588,"comment_status":"open","ping_status":"open","sticky":false,"template":"","format":"standard","meta":{"_jetpack_memberships_contains_paid_content":false,"footnotes":""},"categories":[2],"tags":[],"class_list":["post-19587","post","type-post","status-publish","format-standard","has-post-thumbnail","hentry","category-estado"],"jetpack_featured_media_url":"https:\/\/encuentroinformativo.com.mx\/wp-content\/uploads\/2021\/10\/DEE07EC7-5074-4153-A2B4-B72DB98A8B52.jpeg","jetpack_sharing_enabled":true,"jetpack_likes_enabled":true,"amp_enabled":true,"_links":{"self":[{"href":"https:\/\/encuentroinformativo.com.mx\/index.php?rest_route=\/wp\/v2\/posts\/19587","targetHints":{"allow":["GET"]}}],"collection":[{"href":"https:\/\/encuentroinformativo.com.mx\/index.php?rest_route=\/wp\/v2\/posts"}],"about":[{"href":"https:\/\/encuentroinformativo.com.mx\/index.php?rest_route=\/wp\/v2\/types\/post"}],"author":[{"embeddable":true,"href":"https:\/\/encuentroinformativo.com.mx\/index.php?rest_route=\/wp\/v2\/users\/1"}],"replies":[{"embeddable":true,"href":"https:\/\/encuentroinformativo.com.mx\/index.php?rest_route=%2Fwp%2Fv2%2Fcomments&post=19587"}],"version-history":[{"count":1,"href":"https:\/\/encuentroinformativo.com.mx\/index.php?rest_route=\/wp\/v2\/posts\/19587\/revisions"}],"predecessor-version":[{"id":19589,"href":"https:\/\/encuentroinformativo.com.mx\/index.php?rest_route=\/wp\/v2\/posts\/19587\/revisions\/19589"}],"wp:featuredmedia":[{"embeddable":true,"href":"https:\/\/encuentroinformativo.com.mx\/index.php?rest_route=\/wp\/v2\/media\/19588"}],"wp:attachment":[{"href":"https:\/\/encuentroinformativo.com.mx\/index.php?rest_route=%2Fwp%2Fv2%2Fmedia&parent=19587"}],"wp:term":[{"taxonomy":"category","embeddable":true,"href":"https:\/\/encuentroinformativo.com.mx\/index.php?rest_route=%2Fwp%2Fv2%2Fcategories&post=19587"},{"taxonomy":"post_tag","embeddable":true,"href":"https:\/\/encuentroinformativo.com.mx\/index.php?rest_route=%2Fwp%2Fv2%2Ftags&post=19587"}],"curies":[{"name":"wp","href":"https:\/\/api.w.org\/{rel}","templated":true}]}}